{"id":15916,"date":"2020-08-05T21:44:20","date_gmt":"2020-08-06T02:44:20","guid":{"rendered":"http:\/\/www.zonaroja.com.mx\/?p=15916"},"modified":"2020-08-05T21:44:24","modified_gmt":"2020-08-06T02:44:24","slug":"sin-cesar-impacto-del-covid-19-en-personal-de-salud-de-oaxaca","status":"publish","type":"post","link":"https:\/\/zonaroja.com.mx\/?p=15916","title":{"rendered":"Sin cesar impacto del Covid-19 en personal de Salud de Oaxaca"},"content":{"rendered":"\n<p>Redacci\u00f3n\/Zona Roja.<\/p>\n\n\n\n<p>Oaxaca de Ju\u00e1rez, Oax., 5 de agosto de\n2020.- Los Servicios de Salud de Oaxaca (SSO) dieron a conocer que este 5 de\nagosto, se registraron 11 mil 227 casos de Covid-19; de estos, 188 son\npacientes nuevos, dando un total de 693 personas que cursan actualmente la\nenfermedad.<\/p>\n\n\n\n<p>En un comunicado, dio a conocer que lamentablemente,\ndel global de confirmados, mil 16 han derivado en fallecimientos, 11 m\u00e1s que el\nd\u00eda de ayer.<\/p>\n\n\n\n<p>De este reporte, dijo, que 491 decesos\ncorresponden a Valles Centrales, 220 a Tuxtepec, 170 al Istmo, 60 a la Mixteca,\n45 a la Costa y 30 a la Sierra (Norte).<\/p>\n\n\n\n<p>La dependencia detall\u00f3 que en el\ninforme de este mi\u00e9rcoles se tiene un acumulado de nueve mil 518 pacientes que\nse han recuperado del padecimiento, cuatro mil 686 han dado negativo a la\nprueba y se tiene en estudio a 845 casos sospechosos; por lo que a la fecha hay\n16 mil 758 notificaciones.<\/p>\n\n\n\n<p>La funcionaria especific\u00f3 que cinco mil 065 mujeres se han contagiado de la enfermedad respiratoria, cifra que representan el 45% del total de casos, as\u00ed como seis mil 162 hombres, que corresponden al 55%.<\/p>\n\n\n\n<figure class=\"wp-block-embed-twitter wp-block-embed is-type-rich is-provider-twitter\"><div class=\"wp-block-embed__wrapper\">\n<div class=\"twitter-tweet\"><blockquote class=\"twitter-tweet\" data-lang=\"es\"><p lang=\"es\" dir=\"ltr\"><a href=\"https:\/\/twitter.com\/hashtag\/NoBajemosLaGuardia?src=hash&amp;ref_src=twsrc%5Etfw\">#NoBajemosLaGuardia<\/a><br>Si todas y todos aplicamos responsablemente las medidas de prevenci\u00f3n contra el <a href=\"https:\/\/twitter.com\/hashtag\/COVID19?src=hash&amp;ref_src=twsrc%5Etfw\">#COVID19<\/a>, podremos mitigar los contagios.<a href=\"https:\/\/twitter.com\/hashtag\/EligeLaVida?src=hash&amp;ref_src=twsrc%5Etfw\">#EligeLaVida<\/a> <a href=\"https:\/\/t.co\/dvwWVNkg3Q\">pic.twitter.com\/dvwWVNkg3Q<\/a><\/p>&mdash; Servicios de Salud (@SSO_GobOax) <a href=\"https:\/\/twitter.com\/SSO_GobOax\/status\/1291187594630496259?ref_src=twsrc%5Etfw\">6 de agosto de 2020<\/a><\/blockquote><\/div>\n<\/div><\/figure>\n\n\n\n<p>Agreg\u00f3 que a la fecha son mil 951\ntrabajadores del sector salud que han salido positivo a la prueba de Covid-19,\n608 son m\u00e9dicos, 797 profesionales de la enfermer\u00eda y 546 de otros perfiles. Y\neste mi\u00e9rcoles se report\u00f3 el 49.4% de ocupaci\u00f3n hospitalaria en el estado.<\/p>\n\n\n\n<p>Record\u00f3 a las y los oaxaque\u00f1os que el\nretorno a la nueva normalidad, de acuerdo con el sem\u00e1foro naranja\nepidemiol\u00f3gico, debe ser con cautela, de manera ordenada, responsable y con\nempat\u00eda, siempre usando el cubrebocas de manera correcta, as\u00ed como aplicando\nlas medidas de protecci\u00f3n, el distanciamiento y la buena higiene.<\/p>\n\n\n\n<p>Finalmente exhort\u00f3 a la poblaci\u00f3n a\nmantener un peso saludable, realizar actividad f\u00edsica y principalmente a las\npersonas con alg\u00fan problema subyacente, llevar un control adecuado del\npadecimiento y seguir las indicaciones del m\u00e9dico, ya que ello favorece una\nmejor respuesta del organismo ante la infecci\u00f3n por el nuevo coronavirus.<\/p>\n","protected":false},"excerpt":{"rendered":"<p>Redacci\u00f3n\/Zona Roja. Oaxaca de Ju\u00e1rez, Oax., 5 de agosto de 2020.- Los Servicios de Salud&hellip;<\/p>\n","protected":false},"author":2,"featured_media":15917,"comment_status":"closed","ping_status":"open","sticky":false,"template":"","format":"standard","meta":{"_lmt_disableupdate":"","_lmt_disable":"","_jetpack_memberships_contains_paid_content":false,"footnotes":""},"categories":[109,47],"tags":[1512],"class_list":["post-15916","post","type-post","status-publish","format-standard","has-post-thumbnail","hentry","category-minuto-a-minuto","category-zona-gris","tag-coronavirus-oaxaca"],"jetpack_featured_media_url":"https:\/\/zonaroja.com.mx\/wp-content\/uploads\/2020\/08\/SSO-1-1-1.jpeg","jetpack_sharing_enabled":true,"_links":{"self":[{"href":"https:\/\/zonaroja.com.mx\/index.php?rest_route=\/wp\/v2\/posts\/15916","targetHints":{"allow":["GET"]}}],"collection":[{"href":"https:\/\/zonaroja.com.mx\/index.php?rest_route=\/wp\/v2\/posts"}],"about":[{"href":"https:\/\/zonaroja.com.mx\/index.php?rest_route=\/wp\/v2\/types\/post"}],"author":[{"embeddable":true,"href":"https:\/\/zonaroja.com.mx\/index.php?rest_route=\/wp\/v2\/users\/2"}],"replies":[{"embeddable":true,"href":"https:\/\/zonaroja.com.mx\/index.php?rest_route=%2Fwp%2Fv2%2Fcomments&post=15916"}],"version-history":[{"count":1,"href":"https:\/\/zonaroja.com.mx\/index.php?rest_route=\/wp\/v2\/posts\/15916\/revisions"}],"predecessor-version":[{"id":15918,"href":"https:\/\/zonaroja.com.mx\/index.php?rest_route=\/wp\/v2\/posts\/15916\/revisions\/15918"}],"wp:featuredmedia":[{"embeddable":true,"href":"https:\/\/zonaroja.com.mx\/index.php?rest_route=\/wp\/v2\/media\/15917"}],"wp:attachment":[{"href":"https:\/\/zonaroja.com.mx\/index.php?rest_route=%2Fwp%2Fv2%2Fmedia&parent=15916"}],"wp:term":[{"taxonomy":"category","embeddable":true,"href":"https:\/\/zonaroja.com.mx\/index.php?rest_route=%2Fwp%2Fv2%2Fcategories&post=15916"},{"taxonomy":"post_tag","embeddable":true,"href":"https:\/\/zonaroja.com.mx\/index.php?rest_route=%2Fwp%2Fv2%2Ftags&post=15916"}],"curies":[{"name":"wp","href":"https:\/\/api.w.org\/{rel}","templated":true}]}}