{"id":15919,"date":"2020-08-06T07:44:48","date_gmt":"2020-08-06T12:44:48","guid":{"rendered":"http:\/\/www.zonaroja.com.mx\/?p=15919"},"modified":"2020-08-06T08:01:31","modified_gmt":"2020-08-06T13:01:31","slug":"inicia-hoy-inscripciones-para-ciclo-escolar-2020-2021-en-el-nivel-basico","status":"publish","type":"post","link":"https:\/\/zonaroja.com.mx\/?p=15919","title":{"rendered":"Inicia hoy inscripciones para ciclo escolar 2020-2021, en el nivel b\u00e1sico"},"content":{"rendered":"\n<p>Redacci\u00f3n\/Zona Roja.<\/p>\n\n\n\n<p>Oaxaca de Ju\u00e1rez, Oax. 6 de agosto de\n2020.- Como parte de los acuerdos tomados en la D\u00e9cima Novena Reuni\u00f3n Nacional\nPlenaria Extraordinaria del Consejo Nacional de Autoridades Educativas\n(Conaedu), donde se confirm\u00f3 el inicio del ciclo escolar 2020-2021 en educaci\u00f3n\nb\u00e1sica, el lunes 24 de agosto, este 6 de agosto inician las inscripciones para\nel nivel b\u00e1sico.<\/p>\n\n\n\n<p>En un comunicado, el Instituto Estatal\nde Educaci\u00f3n P\u00fablica de Oaxaca (IEEPO) inform\u00f3 que para el ciclo escolar\n2020-2021, los alumnos contar\u00e1n con recursos adicionales, como son las clases\npor televisi\u00f3n y radio, sumado al respaldo de sus respectivos profesores y los\nlibros de texto gratuitos que ya se est\u00e1n distribuyendo en todos los estados\ndel pa\u00eds, incluido Oaxaca.<\/p>\n\n\n\n<p>Entre otras actividades a realizar, se contempla el taller intensivo de capacitaci\u00f3n a distancia para docentes \u00abHorizontes: Colaboraci\u00f3n y Autonom\u00eda para Aprender Mejor\u00bb del 10 al 14 de agosto; capacitaci\u00f3n con equidad a docentes del 17 de agosto al 11 de septiembre, la capacitaci\u00f3n con equidad a familias y alumnos del 24 de agosto al 18 de septiembre y una Sesi\u00f3n Extraordinaria del Consejo T\u00e9cnico Escolar del 17 al 21 de agosto, entre otras actividades.<\/p>\n\n\n\n<figure class=\"wp-block-embed-twitter wp-block-embed is-type-rich is-provider-twitter\"><div class=\"wp-block-embed__wrapper\">\n<div class=\"twitter-tweet\"><blockquote class=\"twitter-tweet\" data-lang=\"es\"><p lang=\"es\" dir=\"ltr\"><a href=\"https:\/\/twitter.com\/hashtag\/Qu%C3%A9dateEnCasaA%C3%BAn?src=hash&amp;ref_src=twsrc%5Etfw\">#Qu\u00e9dateEnCasaA\u00fan<\/a><br>Ayer por la tarde, el titular de la <a href=\"https:\/\/twitter.com\/SEP_mx?ref_src=twsrc%5Etfw\">@SEP_mx<\/a>, <a href=\"https:\/\/twitter.com\/emoctezumab?ref_src=twsrc%5Etfw\">@emoctezumab<\/a>, dio a conocer el calendario escolar 2020-2021, en que reiter\u00f3 en que este 24 de agosto inician las clases en l\u00ednea; adem\u00e1s, detalla que ser\u00e1n 190 d\u00edas efectivos de instrucci\u00f3n. <a href=\"https:\/\/t.co\/HJoWlzQChY\">pic.twitter.com\/HJoWlzQChY<\/a><\/p>&mdash; Zona Roja Oaxaca (@MexRoja) <a href=\"https:\/\/twitter.com\/MexRoja\/status\/1291351483351470088?ref_src=twsrc%5Etfw\">6 de agosto de 2020<\/a><\/blockquote><\/div>\n<\/div><\/figure>\n\n\n\n<p>Asimismo, en cuanto a inscripciones, se\nespecific\u00f3 que la madre, padre de familia o tutor puede contactar a la escuela\npor cualquier medio, cuidando las medidas sanitarias, para enviar los\ndocumentos de sus hijos o pupilos, que permitan su inscripci\u00f3n, donde la\ntotalidad de la documentaci\u00f3n ser\u00e1 entregada durante el primer mes, una vez\niniciadas las actividades escolares de manera presencial.<\/p>\n\n\n\n<p>En el caso de primero de preescolar y\nprimero de primaria, se deber\u00e1 proporcionar el acta de nacimiento y certificado\ndigital si corresponde el ingreso a primero de secundaria.<\/p>\n\n\n\n<p>Sobre las reinscripciones en la misma\nescuela se dar\u00e1n autom\u00e1ticamente. El per\u00edodo ordinario de estos dos tr\u00e1mites\nser\u00e1 del 6 al 21 de agosto.&nbsp; Por otra\nparte, en la D\u00e9cima Novena Reuni\u00f3n Nacional Plenaria Extraordinaria de la\nConaedu se revis\u00f3 la nueva asignatura y contenidos educativos, Vida Saludable.<\/p>\n\n\n\n<p>El IEEPO reiter\u00f3 que en Oaxaca, las\nclases presenciales se retomar\u00e1n cuando el sem\u00e1foro epidemiol\u00f3gico se encuentre\nen verde, en una decisi\u00f3n, en consenso, con los actores del proceso educativo,\ncomo lo ha establecido el Gobernador del Estado quien ha establecido en el\ncentro de las prioridades del sistema educativo a las ni\u00f1as, los ni\u00f1os y los\nj\u00f3venes de la entidad.<\/p>\n\n\n\n<p>En lo que corresponde a escuelas\nnormales y Unidades de la Universidad Pedag\u00f3gica Nacional (UPN), el inicio a\ndistancia del ciclo escolar 2020-2021 ser\u00e1 el 7 de septiembre.<\/p>\n\n\n\n<p>Para las clases a distancia en\neducaci\u00f3n b\u00e1sica, se reforzar\u00e1 el programa educativo en 6 canales de televisi\u00f3n\nnacional que transmitir\u00e1n las lecciones para 30 millones de estudiantes de 16\ngrados escolares. La poblaci\u00f3n estudiantil podr\u00e1 seguir las clases de 8:00 a\n19:00 horas.<\/p>\n","protected":false},"excerpt":{"rendered":"<p>Redacci\u00f3n\/Zona Roja. Oaxaca de Ju\u00e1rez, Oax. 6 de agosto de 2020.- Como parte de los&hellip;<\/p>\n","protected":false},"author":2,"featured_media":15920,"comment_status":"closed","ping_status":"open","sticky":false,"template":"","format":"standard","meta":{"_lmt_disableupdate":"","_lmt_disable":"","_jetpack_memberships_contains_paid_content":false,"footnotes":""},"categories":[109,46],"tags":[599],"class_list":["post-15919","post","type-post","status-publish","format-standard","has-post-thumbnail","hentry","category-minuto-a-minuto","category-zona-blanca","tag-instituto-estatal-de-educacion-publica-de-oaxaca"],"jetpack_featured_media_url":"https:\/\/zonaroja.com.mx\/wp-content\/uploads\/2020\/08\/Escuela-Oaxaca.jpg","jetpack_sharing_enabled":true,"_links":{"self":[{"href":"https:\/\/zonaroja.com.mx\/index.php?rest_route=\/wp\/v2\/posts\/15919","targetHints":{"allow":["GET"]}}],"collection":[{"href":"https:\/\/zonaroja.com.mx\/index.php?rest_route=\/wp\/v2\/posts"}],"about":[{"href":"https:\/\/zonaroja.com.mx\/index.php?rest_route=\/wp\/v2\/types\/post"}],"author":[{"embeddable":true,"href":"https:\/\/zonaroja.com.mx\/index.php?rest_route=\/wp\/v2\/users\/2"}],"replies":[{"embeddable":true,"href":"https:\/\/zonaroja.com.mx\/index.php?rest_route=%2Fwp%2Fv2%2Fcomments&post=15919"}],"version-history":[{"count":2,"href":"https:\/\/zonaroja.com.mx\/index.php?rest_route=\/wp\/v2\/posts\/15919\/revisions"}],"predecessor-version":[{"id":15928,"href":"https:\/\/zonaroja.com.mx\/index.php?rest_route=\/wp\/v2\/posts\/15919\/revisions\/15928"}],"wp:featuredmedia":[{"embeddable":true,"href":"https:\/\/zonaroja.com.mx\/index.php?rest_route=\/wp\/v2\/media\/15920"}],"wp:attachment":[{"href":"https:\/\/zonaroja.com.mx\/index.php?rest_route=%2Fwp%2Fv2%2Fmedia&parent=15919"}],"wp:term":[{"taxonomy":"category","embeddable":true,"href":"https:\/\/zonaroja.com.mx\/index.php?rest_route=%2Fwp%2Fv2%2Fcategories&post=15919"},{"taxonomy":"post_tag","embeddable":true,"href":"https:\/\/zonaroja.com.mx\/index.php?rest_route=%2Fwp%2Fv2%2Ftags&post=15919"}],"curies":[{"name":"wp","href":"https:\/\/api.w.org\/{rel}","templated":true}]}}