{"id":15922,"date":"2020-08-06T07:49:29","date_gmt":"2020-08-06T12:49:29","guid":{"rendered":"http:\/\/www.zonaroja.com.mx\/?p=15922"},"modified":"2020-08-06T07:49:34","modified_gmt":"2020-08-06T12:49:34","slug":"la-4t-es-un-gobierno-de-contradicciones-brutal-titular-de-la-semarnat","status":"publish","type":"post","link":"https:\/\/zonaroja.com.mx\/?p=15922","title":{"rendered":"\u00abLa 4T es un gobierno de contradicciones brutal\u201d: titular de la Semarnat"},"content":{"rendered":"\n<p>Redacci\u00f3n\/Zona Roja Cdmx.<\/p>\n\n\n\n<p>Ciudad de M\u00e9xico, 6 de agosto de 2020.-\nLa 4T es \u201cun gobierno de contradicciones brutal\u201d en materia ecol\u00f3gica, debido a\nlas \u201cluchas de poder al interior del gabinete\u201d para priorizar negocios por\nencima del cuidado ambiental, acus\u00f3 el secretario de Medio Ambiente y Recursos\nNaturales (Semarnat), V\u00edctor Manuel Toledo Manzur.<\/p>\n\n\n\n<p>En un audio difundido en redes\nsociales, el secretario de Estado revela en una reuni\u00f3n detalles de pl\u00e1ticas\nentre el gabinete y el presidente Andr\u00e9s Manuel L\u00f3pez Obrador, as\u00ed como de\nencuentros entre altos funcionarios de Econom\u00eda y Gobernaci\u00f3n con la IP.<\/p>\n\n\n\n<p>Toledo cita siete temas que han causado\ndiscordia: el glifosato, el algod\u00f3n transg\u00e9nico, la miner\u00eda, energ\u00edas, la\nganader\u00eda, la operaci\u00f3n de cerveceras y hasta el Programa Sembrando Vida.<\/p>\n\n\n\n<p>\u201cYo quisiera compartirles lo que he\nvivido en estos diez meses porque, efectivamente, la 4T, como tal, como un\nconjunto claro no existe. Por el contrario, este gobierno de la 4T est\u00e1 lleno\nde contradicciones y esto se expresa concretamente en luchas de poder al\ninterior del gabinete que yo he notado\u201d, se\u00f1ala en el audio de seis minutos.<\/p>\n\n\n\n<p>El \u201cHeraldo de M\u00e9xico\u201d consult\u00f3 a la\nDirecci\u00f3n General de Comunicaci\u00f3n Social de Semarnat para confirmar la\nveracidad del audio y, en su caso, precisar la fecha del mismo y motivo de la\nreuni\u00f3n, pero al cierre de esta edici\u00f3n no hubo respuesta.<\/p>\n\n\n\n<p>Toledo Manzur tambi\u00e9n acusa al jefe de\nla Oficina de la Presidencia, Alfonso Romo, de concentrar un enorme poder\ndentro del gobierno y ser \u201cel operador para bloquear\u201d el trabajo de Semarnat.<\/p>\n\n\n\n<p>Dijo que Romo lo ha convocado a tres\nreuniones con el titular de Agricultura, V\u00edctor Villalobos, para que la\ndependencia sea m\u00e1s flexible sobre su postura de restringir el uso del\nglifosato.<\/p>\n\n\n\n<p>De la Sader, apunt\u00f3, \u201cest\u00e1 dirigida a\nlos agronegocios y en contra de la agroecolog\u00eda\u201d, citando la defensa que hace\nsobre algod\u00f3n transg\u00e9nico. Exhibi\u00f3 que Villalobos y Romo est\u00e1n en contra del\nprograma Sembrando Vida.<\/p>\n\n\n\n<p>Tambi\u00e9n revel\u00f3 una reuni\u00f3n del gabinete\ncon el Ejecutivo federal, \u201cpara impulsar un proyecto de ganader\u00eda de una\ncompa\u00f1\u00eda de EU. Se quer\u00eda impulsar un plan para hacer un gran proyecto de\nproducci\u00f3n lechera. Era un modelo totalmente de agronegocio\u201d.<\/p>\n\n\n\n<p>(Informaci\u00f3n de \u201cEl Heraldo de M\u00e9xico\u201d)<\/p>\n","protected":false},"excerpt":{"rendered":"<p>Redacci\u00f3n\/Zona Roja Cdmx. Ciudad de M\u00e9xico, 6 de agosto de 2020.- La 4T es \u201cun&hellip;<\/p>\n","protected":false},"author":2,"featured_media":15923,"comment_status":"closed","ping_status":"open","sticky":false,"template":"","format":"standard","meta":{"_lmt_disableupdate":"","_lmt_disable":"","_jetpack_memberships_contains_paid_content":false,"footnotes":""},"categories":[109,47],"tags":[1889],"class_list":["post-15922","post","type-post","status-publish","format-standard","has-post-thumbnail","hentry","category-minuto-a-minuto","category-zona-gris","tag-victor-manuel-toledo-manzur"],"jetpack_featured_media_url":"https:\/\/zonaroja.com.mx\/wp-content\/uploads\/2020\/08\/V\u00edctor-Manuel-Toledo.jpg","jetpack_sharing_enabled":true,"_links":{"self":[{"href":"https:\/\/zonaroja.com.mx\/index.php?rest_route=\/wp\/v2\/posts\/15922","targetHints":{"allow":["GET"]}}],"collection":[{"href":"https:\/\/zonaroja.com.mx\/index.php?rest_route=\/wp\/v2\/posts"}],"about":[{"href":"https:\/\/zonaroja.com.mx\/index.php?rest_route=\/wp\/v2\/types\/post"}],"author":[{"embeddable":true,"href":"https:\/\/zonaroja.com.mx\/index.php?rest_route=\/wp\/v2\/users\/2"}],"replies":[{"embeddable":true,"href":"https:\/\/zonaroja.com.mx\/index.php?rest_route=%2Fwp%2Fv2%2Fcomments&post=15922"}],"version-history":[{"count":1,"href":"https:\/\/zonaroja.com.mx\/index.php?rest_route=\/wp\/v2\/posts\/15922\/revisions"}],"predecessor-version":[{"id":15924,"href":"https:\/\/zonaroja.com.mx\/index.php?rest_route=\/wp\/v2\/posts\/15922\/revisions\/15924"}],"wp:featuredmedia":[{"embeddable":true,"href":"https:\/\/zonaroja.com.mx\/index.php?rest_route=\/wp\/v2\/media\/15923"}],"wp:attachment":[{"href":"https:\/\/zonaroja.com.mx\/index.php?rest_route=%2Fwp%2Fv2%2Fmedia&parent=15922"}],"wp:term":[{"taxonomy":"category","embeddable":true,"href":"https:\/\/zonaroja.com.mx\/index.php?rest_route=%2Fwp%2Fv2%2Fcategories&post=15922"},{"taxonomy":"post_tag","embeddable":true,"href":"https:\/\/zonaroja.com.mx\/index.php?rest_route=%2Fwp%2Fv2%2Ftags&post=15922"}],"curies":[{"name":"wp","href":"https:\/\/api.w.org\/{rel}","templated":true}]}}