{"id":15925,"date":"2020-08-06T07:54:33","date_gmt":"2020-08-06T12:54:33","guid":{"rendered":"http:\/\/www.zonaroja.com.mx\/?p=15925"},"modified":"2020-08-06T07:54:37","modified_gmt":"2020-08-06T12:54:37","slug":"tres-meses-sin-casandra-y-la-espera-continua-entre-silencio-de-la-fiscalia","status":"publish","type":"post","link":"https:\/\/zonaroja.com.mx\/?p=15925","title":{"rendered":"Tres meses sin Casandra y la espera contin\u00faa, entre silencio de la Fiscal\u00eda"},"content":{"rendered":"\n<p>Yuridiana Sosa\/Zona Roja.<\/p>\n\n\n\n<p>San Juan Bautista Tuxtepec, Oax., 5 de\nagosto de 2020.- La ausencia de Casandra en casa es imborrable. Este 6 de agosto\ncumple tres meses desde que fue vista por \u00faltima vez y casi dos meses desde la\npromesa de la Fiscal\u00eda General de Oaxaca de ofrecerles una respuesta sobre una\npresunta localizaci\u00f3n de su cuerpo sin vida.<\/p>\n\n\n\n<p>Su familia no pierde la esperanza que se\ntrate de una equivocaci\u00f3n; sin embargo, en el transcurso del plazo sobre una\nrespuesta tambi\u00e9n se sienten atados de manos para seguir por cuenta propia\nalg\u00fan tipo de b\u00fasqueda, pues no quieren entorpecer las investigaciones que\npudieran existir.<\/p>\n\n\n\n<p>Casandra Ram\u00edrez, de 23 a\u00f1os de edad, desapareci\u00f3\nhace tres meses cuando sali\u00f3 de casa para una entrevista de trabajo de una\nsupuesta oferta laboral encontrada en Facebook.<\/p>\n\n\n\n<p>La hermana de Casandra se\u00f1ala la\ndesesperaci\u00f3n de la familia por el silencio de la Fiscal\u00eda General para ofrecer\npor lo menos, un tipo de avance en la investigaci\u00f3n.<\/p>\n\n\n\n<p>Desde el pasado 15 de junio no se han\nvuelto a comunicar los servidores que se comprometieron a mantener pendiente a\nla familia sobre el caso de Casandra.<\/p>\n\n\n\n<p>En aquella ocasi\u00f3n, la familia de la\njoven mujer y autoridades encabezadas por el fiscal Rub\u00e9n Vasconcelos M\u00e9ndez se\nreunieron en el Centro de Justicia \u201cDr. V\u00edctor Bravo Ahuja\u201d, de Tuxtepec, para\nabordar sobre la localizaci\u00f3n de restos \u00f3seos humanos y el cuerpo sin vida de\nuna mujer en una fosa clandestina en el paraje de Zacate Colorado en este\nmunicipio de la Cuenca.<\/p>\n\n\n\n<p>La espera es tortura, son 13 semanas de\nangustia, de dolor, pero, sobre todo, sin Casandra.<\/p>\n\n\n\n<p>En tanto, la familia de Itzel Gonz\u00e1lez,\ndesaparecida desde el 14 de abril tambi\u00e9n a\u00f1ora su regreso y mantiene la\nb\u00fasqueda de la joven desde la difusi\u00f3n continua de su imagen en redes sociales\ny lonas en algunos puntos del municipio de Tuxtepec. <\/p>\n","protected":false},"excerpt":{"rendered":"<p>Yuridiana Sosa\/Zona Roja. San Juan Bautista Tuxtepec, Oax., 5 de agosto de 2020.- La ausencia&hellip;<\/p>\n","protected":false},"author":2,"featured_media":15926,"comment_status":"closed","ping_status":"open","sticky":false,"template":"","format":"standard","meta":{"_lmt_disableupdate":"","_lmt_disable":"","_jetpack_memberships_contains_paid_content":false,"footnotes":""},"categories":[109,47],"tags":[1705],"class_list":["post-15925","post","type-post","status-publish","format-standard","has-post-thumbnail","hentry","category-minuto-a-minuto","category-zona-gris","tag-desaparecidas-san-juan-bautista-tuxtepec"],"jetpack_featured_media_url":"https:\/\/zonaroja.com.mx\/wp-content\/uploads\/2020\/08\/Casandra-desaparecida-Tuxtepec.jpg","jetpack_sharing_enabled":true,"_links":{"self":[{"href":"https:\/\/zonaroja.com.mx\/index.php?rest_route=\/wp\/v2\/posts\/15925","targetHints":{"allow":["GET"]}}],"collection":[{"href":"https:\/\/zonaroja.com.mx\/index.php?rest_route=\/wp\/v2\/posts"}],"about":[{"href":"https:\/\/zonaroja.com.mx\/index.php?rest_route=\/wp\/v2\/types\/post"}],"author":[{"embeddable":true,"href":"https:\/\/zonaroja.com.mx\/index.php?rest_route=\/wp\/v2\/users\/2"}],"replies":[{"embeddable":true,"href":"https:\/\/zonaroja.com.mx\/index.php?rest_route=%2Fwp%2Fv2%2Fcomments&post=15925"}],"version-history":[{"count":1,"href":"https:\/\/zonaroja.com.mx\/index.php?rest_route=\/wp\/v2\/posts\/15925\/revisions"}],"predecessor-version":[{"id":15927,"href":"https:\/\/zonaroja.com.mx\/index.php?rest_route=\/wp\/v2\/posts\/15925\/revisions\/15927"}],"wp:featuredmedia":[{"embeddable":true,"href":"https:\/\/zonaroja.com.mx\/index.php?rest_route=\/wp\/v2\/media\/15926"}],"wp:attachment":[{"href":"https:\/\/zonaroja.com.mx\/index.php?rest_route=%2Fwp%2Fv2%2Fmedia&parent=15925"}],"wp:term":[{"taxonomy":"category","embeddable":true,"href":"https:\/\/zonaroja.com.mx\/index.php?rest_route=%2Fwp%2Fv2%2Fcategories&post=15925"},{"taxonomy":"post_tag","embeddable":true,"href":"https:\/\/zonaroja.com.mx\/index.php?rest_route=%2Fwp%2Fv2%2Ftags&post=15925"}],"curies":[{"name":"wp","href":"https:\/\/api.w.org\/{rel}","templated":true}]}}