{"id":15929,"date":"2020-08-06T10:05:07","date_gmt":"2020-08-06T15:05:07","guid":{"rendered":"http:\/\/www.zonaroja.com.mx\/?p=15929"},"modified":"2020-08-06T16:24:20","modified_gmt":"2020-08-06T21:24:20","slug":"con-reforma-legislativa-se-consagra-el-derecho-a-una-alimentacion-sana","status":"publish","type":"post","link":"https:\/\/zonaroja.com.mx\/?p=15929","title":{"rendered":"Con reforma legislativa, se consagra el derecho a una alimentaci\u00f3n sana"},"content":{"rendered":"\n<p>Yuridiana Sosa\/Zona Roja<\/p>\n\n\n\n<p>Oaxaca de Ju\u00e1rez, Oaxaca., 6 de agosto\nde 2020.- Con la reforma al art\u00edculo 20 Bis de la respectiva ley, aprobada ayer\npor el Congreso de Oaxaca, se consagra el derecho a una alimentaci\u00f3n sana a la\nni\u00f1ez, lo cual no ha sido posible a nivel nacional y de la que Oaxaca hace\nhistoria.<\/p>\n\n\n\n<p>As\u00ed lo asegur\u00f3 el diputado local por Morena,\nOth\u00f3n Cuevas C\u00f3rdova, quien aval\u00f3 la modificaci\u00f3n a Ley de los Derechos de las\nNi\u00f1as, Ni\u00f1os y Adolescentes del Estado de Oaxaca para prohibir la distribuci\u00f3n,\nventa, regalo o suministro de bebidas azucaradas y alimentos envasados con alto\ncontenido cal\u00f3rico a los menores de edad.<\/p>\n\n\n\n<p>En su intervenci\u00f3n durante la sesi\u00f3n del\npleno, Cuevas C\u00f3rdova llam\u00f3 a los integrantes de la 64 Legislatura a establecer\nun precedente en un derecho que no ha sido prioridad, pero que est\u00e1 contemplado\ndesde hace m\u00e1s de 30 a\u00f1os.<\/p>\n\n\n\n<p>Mencion\u00f3 que la pandemia ha dejado lecciones y oportunidades para \u201cuna nueva normalidad\u201d pero con nuevas leyes que garanticen un derecho humano fundamental, como lo es la sana alimentaci\u00f3n.<\/p>\n\n\n\n<figure class=\"wp-block-embed-twitter wp-block-embed is-type-rich is-provider-twitter\"><div class=\"wp-block-embed__wrapper\">\n<div class=\"twitter-tweet\"><blockquote class=\"twitter-tweet\" data-lang=\"es\"><p lang=\"es\" dir=\"ltr\"><a href=\"https:\/\/twitter.com\/hashtag\/OaxacaSaludable?src=hash&amp;ref_src=twsrc%5Etfw\">#OaxacaSaludable<\/a><br>\u201cPor el bien de todos, primero los ni\u00f1os y las ni\u00f1as\u201d, dijo el legislador <a href=\"https:\/\/twitter.com\/othoncuevas?ref_src=twsrc%5Etfw\">@othoncuevas<\/a>, al respaldar la iniciativa avalada por el <a href=\"https:\/\/twitter.com\/CongresoOaxLXIV?ref_src=twsrc%5Etfw\">@CongresoOaxLXIV<\/a>, que impide la venta de productos \u201cchatarra\u201d a los menores en <a href=\"https:\/\/twitter.com\/hashtag\/Oaxaca?src=hash&amp;ref_src=twsrc%5Etfw\">#Oaxaca<\/a>. <a href=\"https:\/\/t.co\/7OUT9PIePN\">pic.twitter.com\/7OUT9PIePN<\/a><\/p>&mdash; Zona Roja Oaxaca (@MexRoja) <a href=\"https:\/\/twitter.com\/MexRoja\/status\/1291154919458775042?ref_src=twsrc%5Etfw\">5 de agosto de 2020<\/a><\/blockquote><\/div>\n<\/div><\/figure>\n\n\n\n<p>Cuevas C\u00f3rdova reconoci\u00f3 la iniciativa presentada por su compa\u00f1era de bancada, Magaly L\u00f3pez Dom\u00ednguez, as\u00ed como la de participaci\u00f3n durante 30 a\u00f1os de diversas organizaciones sociales de Oaxaca que han luchado por ofrecer garant\u00edas a los derechos de la ni\u00f1ez en la entidad.<\/p>\n\n\n\n<p>Record\u00f3 que hace 30 a\u00f1os nac\u00edan\norganizaciones de la sociedad civil en Oaxaca, como Cent\u00e9otl, Calpulli, Educa,\nCanica, entre otros, \u201cy desde entonces se ha venido promoviendo y promulgando,\nincidir en las leyes que favorezcan una alimentaci\u00f3n sana\u201d, expuso.<\/p>\n\n\n\n<p>\u201cSe acabaron los privilegios de unos cuantos. Toda persona tiene derecho a la alimentaci\u00f3n nutritiva, suficiente y de calidad, por el bien de todas y todos, primero las ni\u00f1as, ni\u00f1os y adolescentes\u201d, manifest\u00f3 el diputado.<\/p>\n\n\n\n<p>\u00ab<\/p>\n","protected":false},"excerpt":{"rendered":"<p>Yuridiana Sosa\/Zona Roja Oaxaca de Ju\u00e1rez, Oaxaca., 6 de agosto de 2020.- Con la reforma&hellip;<\/p>\n","protected":false},"author":2,"featured_media":15930,"comment_status":"closed","ping_status":"open","sticky":false,"template":"","format":"standard","meta":{"_lmt_disableupdate":"","_lmt_disable":"","_jetpack_memberships_contains_paid_content":false,"footnotes":""},"categories":[109,46],"tags":[1311],"class_list":["post-15929","post","type-post","status-publish","format-standard","has-post-thumbnail","hentry","category-minuto-a-minuto","category-zona-blanca","tag-othon-cuevas-cordova"],"jetpack_featured_media_url":"https:\/\/zonaroja.com.mx\/wp-content\/uploads\/2020\/08\/Oth\u00f3n-Cuevas-C..jpg","jetpack_sharing_enabled":true,"_links":{"self":[{"href":"https:\/\/zonaroja.com.mx\/index.php?rest_route=\/wp\/v2\/posts\/15929","targetHints":{"allow":["GET"]}}],"collection":[{"href":"https:\/\/zonaroja.com.mx\/index.php?rest_route=\/wp\/v2\/posts"}],"about":[{"href":"https:\/\/zonaroja.com.mx\/index.php?rest_route=\/wp\/v2\/types\/post"}],"author":[{"embeddable":true,"href":"https:\/\/zonaroja.com.mx\/index.php?rest_route=\/wp\/v2\/users\/2"}],"replies":[{"embeddable":true,"href":"https:\/\/zonaroja.com.mx\/index.php?rest_route=%2Fwp%2Fv2%2Fcomments&post=15929"}],"version-history":[{"count":1,"href":"https:\/\/zonaroja.com.mx\/index.php?rest_route=\/wp\/v2\/posts\/15929\/revisions"}],"predecessor-version":[{"id":15931,"href":"https:\/\/zonaroja.com.mx\/index.php?rest_route=\/wp\/v2\/posts\/15929\/revisions\/15931"}],"wp:featuredmedia":[{"embeddable":true,"href":"https:\/\/zonaroja.com.mx\/index.php?rest_route=\/wp\/v2\/media\/15930"}],"wp:attachment":[{"href":"https:\/\/zonaroja.com.mx\/index.php?rest_route=%2Fwp%2Fv2%2Fmedia&parent=15929"}],"wp:term":[{"taxonomy":"category","embeddable":true,"href":"https:\/\/zonaroja.com.mx\/index.php?rest_route=%2Fwp%2Fv2%2Fcategories&post=15929"},{"taxonomy":"post_tag","embeddable":true,"href":"https:\/\/zonaroja.com.mx\/index.php?rest_route=%2Fwp%2Fv2%2Ftags&post=15929"}],"curies":[{"name":"wp","href":"https:\/\/api.w.org\/{rel}","templated":true}]}}