{"id":15933,"date":"2020-08-06T13:03:10","date_gmt":"2020-08-06T18:03:10","guid":{"rendered":"https:\/\/www.zonaroja.com.mx\/?p=15933"},"modified":"2020-08-06T16:23:41","modified_gmt":"2020-08-06T21:23:41","slug":"toman-registro-civil-por-presunto-desalojo-del-inmueble-exigen-renuncia-de-director","status":"publish","type":"post","link":"https:\/\/zonaroja.com.mx\/?p=15933","title":{"rendered":"Toman Registro Civil por presunto desalojo del inmueble; exigen renuncia de director"},"content":{"rendered":"\n<p class=\"MsoNormal\">Yuridiana Sosa\/Zona Roja.&nbsp;<\/p>\n\n\n\n<p class=\"MsoNormal\">Oaxaca de Ju\u00e1rez, Oax., 6 de agosto de 2020.- Trabajadores de la Direcci\u00f3n del Registro Civil del Gobierno del Estado cerraron los accesos de la sede en el Centro Hist\u00f3rico para manifestarse contra un probable desalojo del inmueble.<\/p>\n\n\n\n<p class=\"MsoNormal\">Ante nula respuesta del director Christian Hern\u00e1ndez Fuentes, extendieron la protesta a las oficinas del Archivo Central y demandaron adem\u00e1s la renuncia del funcionario, a quien acusaron de diversas irregularidades.&nbsp;<\/p>\n\n\n\n<p class=\"MsoNormal\">Los representantes sindicalizados denunciaron la intenci\u00f3n del gobierno estatal de reubicarlos en las oficinas que ocupaba el Archivo General en la calle de Santos Degollado, pero dicho espacio es insuficiente para albergar a los empleados.<\/p>\n\n\n\n<figure class=\"wp-block-embed-twitter wp-block-embed is-type-rich is-provider-twitter\"><div class=\"wp-block-embed__wrapper\">\n<div class=\"twitter-tweet\"><blockquote class=\"twitter-tweet\" data-lang=\"es\"><p lang=\"es\" dir=\"ltr\"><a href=\"https:\/\/twitter.com\/hashtag\/%C3%9AltimaHora?src=hash&amp;ref_src=twsrc%5Etfw\">#\u00daltimaHora<\/a> <br>Empleados de base del <a href=\"https:\/\/twitter.com\/RegCivil_GobOax?ref_src=twsrc%5Etfw\">@RegCivil_GobOax<\/a> paran labores y protestan por intenci\u00f3n de cambio de sede de trabajo. Denuncian nulo apoyo del director <a href=\"https:\/\/twitter.com\/Christianhftes?ref_src=twsrc%5Etfw\">@Christianhftes<\/a>. <a href=\"https:\/\/t.co\/ITumYYuVmv\">pic.twitter.com\/ITumYYuVmv<\/a><\/p>&mdash; Zona Roja Oaxaca (@MexRoja) <a href=\"https:\/\/twitter.com\/MexRoja\/status\/1291414615306301441?ref_src=twsrc%5Etfw\">6 de agosto de 2020<\/a><\/blockquote><\/div>\n<\/div><\/figure>\n\n\n\n<p class=\"MsoNormal\">El delegado Edgar Eloy Ortiz Ju\u00e1rez indic\u00f3 que son cerca de 450 empleados de base m\u00e1s unos 200 de confianza los que ser\u00edan desalojados del lugar, donde una de las \u00e1reas ya se planea la demolici\u00f3n.<\/p>\n\n\n\n<p class=\"MsoNormal\">Los quejosos denunciaron nulo apoyo e informaci\u00f3n por parte del director de la dependencia, Christian Hern\u00e1ndez Fuentes, por lo que comenzaron una protesta, a la que horas despu\u00e9s se unieron los trabajadores del Archivo Central, en la colonia Reforma.\u00a0<\/p>\n\n\n\n<figure class=\"wp-block-embed-twitter wp-block-embed is-type-rich is-provider-twitter\"><div class=\"wp-block-embed__wrapper\">\n<div class=\"twitter-tweet\"><blockquote class=\"twitter-tweet\" data-lang=\"es\"><p lang=\"es\" dir=\"ltr\"><a href=\"https:\/\/twitter.com\/hashtag\/%C3%9AltimoMinuto?src=hash&amp;ref_src=twsrc%5Etfw\">#\u00daltimoMinuto<\/a> <br>Trabajadores del <a href=\"https:\/\/twitter.com\/RegCivil_GobOax?ref_src=twsrc%5Etfw\">@RegCivil_GobOax<\/a> extienden sus protestas a otras oficinas, como el Archivo Central. Ahora exigen la renuncia del director, <a href=\"https:\/\/twitter.com\/Christianhftes?ref_src=twsrc%5Etfw\">@Christianhftes<\/a>, al no garantizar seguridad laboral. <a href=\"https:\/\/t.co\/w4wdVjYewu\">pic.twitter.com\/w4wdVjYewu<\/a><\/p>&mdash; Zona Roja Oaxaca (@MexRoja) <a href=\"https:\/\/twitter.com\/MexRoja\/status\/1291426490345590784?ref_src=twsrc%5Etfw\">6 de agosto de 2020<\/a><\/blockquote><\/div>\n<\/div><\/figure>\n\n\n\n<p class=\"MsoNormal\">\u201cNo al desalojo del Registro Civil\u201d, \u201cNo al cambio de edificio\u201d, \u201cEstamos en plena pandemia, no en temporada de desalojo\u201d, citaron algunas de las cartulinas colocadas en la fachada del edificio hist\u00f3rico ubicado en la calle de Garc\u00eda Vigil, en el Centro Hist\u00f3rico.<\/p>\n\n\n\n<p class=\"MsoNormal\">El delegado record\u00f3 que el inmueble fue entregado en comodato durante el sexenio del gobernador, Heladio Ram\u00edrez, hace unos 30 a\u00f1os, pero que \u201ccasualmente\u201d durante la contingencia la placa donde consta el hecho fue retirada y se desconoce el destino de los documentos.<\/p>\n","protected":false},"excerpt":{"rendered":"<p>Yuridiana Sosa\/Zona Roja.&nbsp; Oaxaca de Ju\u00e1rez, Oax., 6 de agosto de 2020.- Trabajadores de la&hellip;<\/p>\n","protected":false},"author":2,"featured_media":15932,"comment_status":"closed","ping_status":"open","sticky":false,"template":"","format":"standard","meta":{"_lmt_disableupdate":"","_lmt_disable":"","_jetpack_memberships_contains_paid_content":false,"footnotes":""},"categories":[109,47],"tags":[1380,1379],"class_list":["post-15933","post","type-post","status-publish","format-standard","has-post-thumbnail","hentry","category-minuto-a-minuto","category-zona-gris","tag-christian-hernandez-fuentes","tag-direccion-del-registro-civil-de-oaxaca"],"jetpack_featured_media_url":"https:\/\/zonaroja.com.mx\/wp-content\/uploads\/2020\/08\/d1707f02-7055-4aa3-a3fa-20fee704681b.jpg","jetpack_sharing_enabled":true,"_links":{"self":[{"href":"https:\/\/zonaroja.com.mx\/index.php?rest_route=\/wp\/v2\/posts\/15933","targetHints":{"allow":["GET"]}}],"collection":[{"href":"https:\/\/zonaroja.com.mx\/index.php?rest_route=\/wp\/v2\/posts"}],"about":[{"href":"https:\/\/zonaroja.com.mx\/index.php?rest_route=\/wp\/v2\/types\/post"}],"author":[{"embeddable":true,"href":"https:\/\/zonaroja.com.mx\/index.php?rest_route=\/wp\/v2\/users\/2"}],"replies":[{"embeddable":true,"href":"https:\/\/zonaroja.com.mx\/index.php?rest_route=%2Fwp%2Fv2%2Fcomments&post=15933"}],"version-history":[{"count":2,"href":"https:\/\/zonaroja.com.mx\/index.php?rest_route=\/wp\/v2\/posts\/15933\/revisions"}],"predecessor-version":[{"id":15942,"href":"https:\/\/zonaroja.com.mx\/index.php?rest_route=\/wp\/v2\/posts\/15933\/revisions\/15942"}],"wp:featuredmedia":[{"embeddable":true,"href":"https:\/\/zonaroja.com.mx\/index.php?rest_route=\/wp\/v2\/media\/15932"}],"wp:attachment":[{"href":"https:\/\/zonaroja.com.mx\/index.php?rest_route=%2Fwp%2Fv2%2Fmedia&parent=15933"}],"wp:term":[{"taxonomy":"category","embeddable":true,"href":"https:\/\/zonaroja.com.mx\/index.php?rest_route=%2Fwp%2Fv2%2Fcategories&post=15933"},{"taxonomy":"post_tag","embeddable":true,"href":"https:\/\/zonaroja.com.mx\/index.php?rest_route=%2Fwp%2Fv2%2Ftags&post=15933"}],"curies":[{"name":"wp","href":"https:\/\/api.w.org\/{rel}","templated":true}]}}