{"id":15936,"date":"2020-08-06T13:53:18","date_gmt":"2020-08-06T18:53:18","guid":{"rendered":"https:\/\/www.zonaroja.com.mx\/?p=15936"},"modified":"2020-08-06T16:22:04","modified_gmt":"2020-08-06T21:22:04","slug":"edil-de-santa-lucia-del-camino-deja-sin-agua-a-mas-de-2-mil-colonos","status":"publish","type":"post","link":"https:\/\/zonaroja.com.mx\/?p=15936","title":{"rendered":"Edil de Santa Luc\u00eda del Camino deja sin agua a m\u00e1s de 2 mil colonos"},"content":{"rendered":"\n<p class=\"MsoNormal\">Yuridiana Sosa\/Zona Roja.&nbsp;<\/p>\n\n\n\n<p class=\"MsoNormal\">Oaxaca de Ju\u00e1rez, Oax., 6 de agosto de 2020.- Vecinos de la colonia&nbsp;<a href=\"\/\/1\">25 de enero<\/a>&nbsp;y otros asentamientos&nbsp;del municipio de Santa Luc\u00eda del Camino se manifestaron para exigir se reactive el suministro de agua potable que desde hace una semana fue suspendido sin justificaci\u00f3n por parte del encargado del tanque elevado.<\/p>\n\n\n\n<p class=\"MsoNormal\">Los colonos se\u00f1alaron que el trabajador del ayuntamiento que preside Dante Monta\u00f1o se ha negado a reactivar el servicio del vital l\u00edquido, pero, adem\u00e1s, el gobierno municipal dilat\u00f3 en ofrecer atenci\u00f3n a la queja presentada mediante oficio por el comit\u00e9 de vecinos en d\u00edas pasados.<\/p>\n\n\n\n<figure class=\"wp-block-embed-twitter wp-block-embed is-type-rich is-provider-twitter\"><div class=\"wp-block-embed__wrapper\">\n<div class=\"twitter-tweet\"><blockquote class=\"twitter-tweet\" data-lang=\"es\"><p lang=\"es\" dir=\"ltr\"><a href=\"https:\/\/twitter.com\/hashtag\/ENVIVO?src=hash&amp;ref_src=twsrc%5Etfw\">#ENVIVO<\/a> <br>Santa Luc\u00eda del Camino, Oax., 6 de agosto de 2020.- Bloqueo en la avenida Hornos por parte de colonos, irritados por falta de agua; acusan irregularidades en el gobierno de <a href=\"https:\/\/twitter.com\/DANTEMONTANO?ref_src=twsrc%5Etfw\">@dantemontano<\/a>. <br>\ud83d\udc47<br>Aqu\u00ed la transmisi\u00f3n: <a href=\"https:\/\/t.co\/6LW860wYno\">https:\/\/t.co\/6LW860wYno<\/a> <a href=\"https:\/\/t.co\/uIpu31sZmB\">pic.twitter.com\/uIpu31sZmB<\/a><\/p>&mdash; Zona Roja Oaxaca (@MexRoja) <a href=\"https:\/\/twitter.com\/MexRoja\/status\/1291401253180735489?ref_src=twsrc%5Etfw\">6 de agosto de 2020<\/a><\/blockquote><\/div>\n<\/div><\/figure>\n\n\n\n<p class=\"MsoNormal\">La suspensi\u00f3n del servicio de agua potable gener\u00f3 afectaciones en otras colonias del municipio conurbado, como son La Primavera y Calicanto, adem\u00e1s de la agencia Rancho Nuevo, con un total aproximado de dos mil 500 familias que en medio de la pandemia por Covid-19 deben comprar agua por medio de pipas.<\/p>\n\n\n\n<p class=\"MsoNormal\">El presidente de la colonia&nbsp;<a href=\"\/\/2\">25 de enero<\/a>, David Mart\u00ednez, se\u00f1al\u00f3 que no existen problemas t\u00e9cnicos y s\u00f3lo demandan el cambio de puesto del servidor p\u00fablico, quien hasta la ma\u00f1ana de&nbsp;<a href=\"\/\/4\">este jueves<\/a>&nbsp;se negaba a entregar las llaves del predio donde se ubica la bomba de agua.<\/p>\n\n\n\n<p class=\"MsoNormal\">Como parte de su manifestaci\u00f3n, los vecinos bloquearon uno de los sentidos de la avenida Hornos, hasta donde lleg\u00f3 un funcionario del ayuntamiento para tratar de solucionar el problema.<\/p>\n\n\n\n<p class=\"MsoNormal\">No obstante, ante la falta de respuesta positiva, amenazaron con bloquear las vialidades y el palacio municipal. <\/p>\n","protected":false},"excerpt":{"rendered":"<p>Yuridiana Sosa\/Zona Roja.&nbsp; Oaxaca de Ju\u00e1rez, Oax., 6 de agosto de 2020.- Vecinos de la&hellip;<\/p>\n","protected":false},"author":2,"featured_media":15935,"comment_status":"closed","ping_status":"open","sticky":false,"template":"","format":"standard","meta":{"_lmt_disableupdate":"","_lmt_disable":"","_jetpack_memberships_contains_paid_content":false,"footnotes":""},"categories":[109,47],"tags":[585,337],"class_list":["post-15936","post","type-post","status-publish","format-standard","has-post-thumbnail","hentry","category-minuto-a-minuto","category-zona-gris","tag-dante-montano-montero","tag-santa-lucia-del-camino"],"jetpack_featured_media_url":"https:\/\/zonaroja.com.mx\/wp-content\/uploads\/2020\/08\/cdbd9950-94ca-471a-a290-e68c303359d2.jpg","jetpack_sharing_enabled":true,"_links":{"self":[{"href":"https:\/\/zonaroja.com.mx\/index.php?rest_route=\/wp\/v2\/posts\/15936","targetHints":{"allow":["GET"]}}],"collection":[{"href":"https:\/\/zonaroja.com.mx\/index.php?rest_route=\/wp\/v2\/posts"}],"about":[{"href":"https:\/\/zonaroja.com.mx\/index.php?rest_route=\/wp\/v2\/types\/post"}],"author":[{"embeddable":true,"href":"https:\/\/zonaroja.com.mx\/index.php?rest_route=\/wp\/v2\/users\/2"}],"replies":[{"embeddable":true,"href":"https:\/\/zonaroja.com.mx\/index.php?rest_route=%2Fwp%2Fv2%2Fcomments&post=15936"}],"version-history":[{"count":2,"href":"https:\/\/zonaroja.com.mx\/index.php?rest_route=\/wp\/v2\/posts\/15936\/revisions"}],"predecessor-version":[{"id":15941,"href":"https:\/\/zonaroja.com.mx\/index.php?rest_route=\/wp\/v2\/posts\/15936\/revisions\/15941"}],"wp:featuredmedia":[{"embeddable":true,"href":"https:\/\/zonaroja.com.mx\/index.php?rest_route=\/wp\/v2\/media\/15935"}],"wp:attachment":[{"href":"https:\/\/zonaroja.com.mx\/index.php?rest_route=%2Fwp%2Fv2%2Fmedia&parent=15936"}],"wp:term":[{"taxonomy":"category","embeddable":true,"href":"https:\/\/zonaroja.com.mx\/index.php?rest_route=%2Fwp%2Fv2%2Fcategories&post=15936"},{"taxonomy":"post_tag","embeddable":true,"href":"https:\/\/zonaroja.com.mx\/index.php?rest_route=%2Fwp%2Fv2%2Ftags&post=15936"}],"curies":[{"name":"wp","href":"https:\/\/api.w.org\/{rel}","templated":true}]}}