{"id":15938,"date":"2020-08-06T16:16:51","date_gmt":"2020-08-06T21:16:51","guid":{"rendered":"http:\/\/www.zonaroja.com.mx\/?p=15938"},"modified":"2020-08-06T16:16:54","modified_gmt":"2020-08-06T21:16:54","slug":"protesta-personal-de-vectores-en-oficinas-de-los-sso-de-la-capital","status":"publish","type":"post","link":"https:\/\/zonaroja.com.mx\/?p=15938","title":{"rendered":"Protesta personal de Vectores en oficinas de los SSO de la capital"},"content":{"rendered":"\n<p>Evlin Arag\u00f3n\/Zona Roja.<\/p>\n\n\n\n<p>Oaxaca de Ju\u00e1rez, Oax., 6 de agosto de\n2020.- Personas del \u00e1rea de Vectores adscritos a la Jurisdicci\u00f3n Sanitaria 06\ncon sede en Tlacolula de Matamoros, cerraron las instalaciones de los Servicios\nde Salud de Oaxaca ubicadas en la colonia Reforma de la calita, para denunciar\nsu inconformidad al no ser tomados en cuenta para el bono anunciado para\npersonal m\u00e9dico y de enfermer\u00eda que atiende la contingencia sanitaria. <\/p>\n\n\n\n<p>As\u00ed lo dio a conocer Rub\u00e9n Francisco\nReyes Romero, delegado y representante del personal de la Secci\u00f3n 71 que\naseguran tambi\u00e9n arriesgan su vida al mantenerse laborando pese a las\ncondiciones sanitarias derivadas de la pandemia por Covid-19.<\/p>\n\n\n\n<p>\u201cNosotros no estamos pidiendo nada que\nno sea justo, durante todo este tiempo hemos incluso arriesgado nuestras vidas\ny merecemos el apoyo. Porque no nos pueden tomar en cuenta a nosotros si\ntambi\u00e9n estamos exponiendo nuestra vida\u201d, dijo Reyes Romero.<\/p>\n\n\n\n<p>Explic\u00f3 que por lo anterior decidieron salir a manifestarse y exigir atenci\u00f3n por parte de las autoridades estatales encabezadas por Donato Casas Escamilla, ya que de lo contrario estar\u00edan incrementando en n\u00famero su protesta con el personal de la Cuenca del Papaloapan e Istmo que tambi\u00e9n se encuentran adscritos a la secci\u00f3n.<\/p>\n\n\n\n<figure class=\"wp-block-embed-twitter wp-block-embed is-type-rich is-provider-twitter\"><div class=\"wp-block-embed__wrapper\">\n<div class=\"twitter-tweet\"><blockquote class=\"twitter-tweet\" data-lang=\"es\"><p lang=\"es\" dir=\"ltr\"><a href=\"https:\/\/twitter.com\/hashtag\/%C3%9AltimoMinuto?src=hash&amp;ref_src=twsrc%5Etfw\">#\u00daltimoMinuto<\/a> <br>Personal del \u00e1rea de Vectores de los <a href=\"https:\/\/twitter.com\/SSO_GobOax?ref_src=twsrc%5Etfw\">@SSO_GobOax<\/a> inici\u00f3 esta ma\u00f1ana un paro de labores, para exigir a las autoridades una reuni\u00f3n de trabajo a fin de exponer sus demandas laborales. <a href=\"https:\/\/t.co\/X0ZWQFdaVa\">pic.twitter.com\/X0ZWQFdaVa<\/a><\/p>&mdash; Zona Roja Oaxaca (@MexRoja) <a href=\"https:\/\/twitter.com\/MexRoja\/status\/1291385906880897024?ref_src=twsrc%5Etfw\">6 de agosto de 2020<\/a><\/blockquote><\/div>\n<\/div><\/figure>\n\n\n\n<p>El representante del personal detall\u00f3\nque ha sido este sector el que realiza los trabajos de sanitizaci\u00f3n en las\ndiferentes zonas de la entidad oaxaque\u00f1a que as\u00ed lo han requerido, es decir\nforman parte importante de la atenci\u00f3n sanitaria por la pandemia, raz\u00f3n por la\nque deber\u00edan ser acreedores a la retribuci\u00f3n anunciada para el personal m\u00e9dico.<\/p>\n\n\n\n<p>As\u00ed mismo, manifest\u00f3 que dentro de sus\ndemandas tambi\u00e9n se encuentra la remoci\u00f3n del jefe de la Jurisdicci\u00f3n Sanitaria\n3 de Tuxtepec a quien acusan de no brindar la atenci\u00f3n necesaria a las\npeticiones del personal, as\u00ed mismo una mayor contrataci\u00f3n en el \u00e1rea de vectores\nque por lo regular es abandonada a su suerte.<\/p>\n\n\n\n<p>\u201cTenemos muy poco personal y estamos\ncubriendo el programa contra el dengue que ha empezado a repuntar con las\nrecientes lluvias que se han registrado en la entidad oaxaque\u00f1a\u201d, dijo.<\/p>\n\n\n\n<p>Finalmente anunci\u00f3 que en caso de no ser\natendidos por parte de los directivos de los Servicios de Salud el d\u00eda de\nma\u00f1ana viernes radicalizar\u00e1n sus protestas con la toma de m\u00e1s oficinas y el\nbloqueo de vialidades a fin de que sus demandas sean escuchadas.<\/p>\n","protected":false},"excerpt":{"rendered":"<p>Evlin Arag\u00f3n\/Zona Roja. Oaxaca de Ju\u00e1rez, Oax., 6 de agosto de 2020.- Personas del \u00e1rea&hellip;<\/p>\n","protected":false},"author":2,"featured_media":15939,"comment_status":"closed","ping_status":"open","sticky":false,"template":"","format":"standard","meta":{"_lmt_disableupdate":"","_lmt_disable":"","_jetpack_memberships_contains_paid_content":false,"footnotes":""},"categories":[109,47],"tags":[1005],"class_list":["post-15938","post","type-post","status-publish","format-standard","has-post-thumbnail","hentry","category-minuto-a-minuto","category-zona-gris","tag-servicios-de-salud-de-oaxaca-sso"],"jetpack_featured_media_url":"https:\/\/zonaroja.com.mx\/wp-content\/uploads\/2020\/08\/Protesta-Vectores-sSO.jpg","jetpack_sharing_enabled":true,"_links":{"self":[{"href":"https:\/\/zonaroja.com.mx\/index.php?rest_route=\/wp\/v2\/posts\/15938","targetHints":{"allow":["GET"]}}],"collection":[{"href":"https:\/\/zonaroja.com.mx\/index.php?rest_route=\/wp\/v2\/posts"}],"about":[{"href":"https:\/\/zonaroja.com.mx\/index.php?rest_route=\/wp\/v2\/types\/post"}],"author":[{"embeddable":true,"href":"https:\/\/zonaroja.com.mx\/index.php?rest_route=\/wp\/v2\/users\/2"}],"replies":[{"embeddable":true,"href":"https:\/\/zonaroja.com.mx\/index.php?rest_route=%2Fwp%2Fv2%2Fcomments&post=15938"}],"version-history":[{"count":1,"href":"https:\/\/zonaroja.com.mx\/index.php?rest_route=\/wp\/v2\/posts\/15938\/revisions"}],"predecessor-version":[{"id":15940,"href":"https:\/\/zonaroja.com.mx\/index.php?rest_route=\/wp\/v2\/posts\/15938\/revisions\/15940"}],"wp:featuredmedia":[{"embeddable":true,"href":"https:\/\/zonaroja.com.mx\/index.php?rest_route=\/wp\/v2\/media\/15939"}],"wp:attachment":[{"href":"https:\/\/zonaroja.com.mx\/index.php?rest_route=%2Fwp%2Fv2%2Fmedia&parent=15938"}],"wp:term":[{"taxonomy":"category","embeddable":true,"href":"https:\/\/zonaroja.com.mx\/index.php?rest_route=%2Fwp%2Fv2%2Fcategories&post=15938"},{"taxonomy":"post_tag","embeddable":true,"href":"https:\/\/zonaroja.com.mx\/index.php?rest_route=%2Fwp%2Fv2%2Ftags&post=15938"}],"curies":[{"name":"wp","href":"https:\/\/api.w.org\/{rel}","templated":true}]}}