{"id":15943,"date":"2020-08-06T16:33:39","date_gmt":"2020-08-06T21:33:39","guid":{"rendered":"http:\/\/www.zonaroja.com.mx\/?p=15943"},"modified":"2020-08-06T16:33:42","modified_gmt":"2020-08-06T21:33:42","slug":"firman-acuerdo-en-oaxaca-para-clases-por-tv-inician-el-24-de-agosto","status":"publish","type":"post","link":"https:\/\/zonaroja.com.mx\/?p=15943","title":{"rendered":"Firman acuerdo en Oaxaca para clases por tv; inician el 24 de agosto"},"content":{"rendered":"\n<p>Redacci\u00f3n\/Zona Roja.<\/p>\n\n\n\n<p>Oaxaca de Ju\u00e1rez, Oax. 6 de agosto de\n2020.- El pr\u00f3ximo 24 de agosto iniciar\u00e1 el ciclo escolar 2020-2021 a trav\u00e9s del\nprograma a distancia \u201cAprende en Casa II\u201d.<\/p>\n\n\n\n<p>Por ello, en la entidad, el Instituto\nEstatal de Educaci\u00f3n P\u00fablica de Oaxaca (IEEPO) con el acompa\u00f1amiento de la\nCorporaci\u00f3n Oaxaque\u00f1a de Radio y Televisi\u00f3n (CORTV), garantizar\u00e1 la transmisi\u00f3n\ndiaria de los contenidos elaborados por la Secretar\u00eda de Educaci\u00f3n P\u00fablica\n(SEP), en los canales 9.1 y 9.2 de televisi\u00f3n abierta.<\/p>\n\n\n\n<p>En un comunicado, la dependencia\ngubernamental inform\u00f3 que ante la orograf\u00eda que presenta el estado, para\nquienes no tengan acceso a este medio de comunicaci\u00f3n se les dotar\u00e1 de gu\u00edas y\ncon el apoyo de los Libros de Texto Gratuitos, y dem\u00e1s materiales educativos,\nen formato f\u00edsico y digital, podr\u00e1n continuar con sus estudios. <\/p>\n\n\n\n<p>Tambi\u00e9n, se han preparado clases a\ntrav\u00e9s de la radio, en 22 lenguas ind\u00edgenas diferentes del pa\u00eds.<\/p>\n\n\n\n<p>Con el objetivo de establecer las bases\nbajo las cuales colaborar\u00e1n de manera conjunta, para llevar a cabo la\nreproducci\u00f3n televisiva del programa \u201cAprende en Casa II\u201d, en los niveles de\nEducaci\u00f3n Preescolar Primaria y Secundaria, los directores del Instituto\nEstatal de Educaci\u00f3n P\u00fablica de Oaxaca (IEEPO), Francisco \u00c1ngel Villarreal y de\nla Corporaci\u00f3n Oaxaque\u00f1a de Radio y Televisi\u00f3n (CORTV), Mart\u00edn V\u00e1squez\nVillanueva, firmaron un convenio de colaboraci\u00f3n.<\/p>\n\n\n\n<p>De esta manera, en el marco de las\nacciones en el rubro educativo que impulsa el gobernador Alejandro Murat\nHinojosa, Oaxaca cuenta con el canal adicional de televisi\u00f3n abierta 9.2, que\nreplicar\u00e1 \u00edntegramente la Se\u00f1al 11.2 Canal Once ni\u00f1as y ni\u00f1os del Instituto\nPolit\u00e9cnico Nacional, de manera temporal. <\/p>\n\n\n\n<p>Adem\u00e1s, por el canal 9.1 se difundir\u00e1 la\nprogramaci\u00f3n diaria de los contenidos educativos, en un horario de 8:00 a las\n19:00 horas de lunes a viernes.<\/p>\n\n\n\n<p>El director General del IEEPO resalt\u00f3 la\ndisposici\u00f3n del director de la CORTV para continuar en este esfuerzo de\ncolaboraci\u00f3n conjunta en el desarrollo del ciclo escolar 2020-2021, y alcanzar\nresultados satisfactorios con los aprendizajes esperados para cada ni\u00f1a, ni\u00f1o y\nadolescente del Sistema Educativo Nacional, con la cobertura de la televisora\nlocal y la radio.<\/p>\n\n\n\n<p>En la educaci\u00f3n b\u00e1sica, los libros de\ntexto gratuitos son la herramienta fundamental y el eje esencial que permite a\nlas y los estudiantes reforzar y continuar su formaci\u00f3n acad\u00e9mica en este\nperiodo de actividades a distancia, se\u00f1al\u00f3 al anunciar que en fecha pr\u00f3xima\ncomenzar\u00e1 la entrega de estos materiales para que todo el alumnado cuente con\nellos. <\/p>\n\n\n\n<p>\u00c1ngel Villarreal, hizo un reconocimiento\na las y los docentes de Oaxaca, por la responsabilidad y compromiso mostrado;\nas\u00ed como a las madres y padres de familia, que con valent\u00eda, inter\u00e9s y\nconciencia, han apoyado la formaci\u00f3n de sus hijos e hijas en el periodo de\nconfinamiento, en el cual se ha revalorado el insustituible papel que las\nmaestras y maestros desempe\u00f1an.<\/p>\n\n\n\n<p>\u201cEl gobernador Alejandro Murat se ha\ndeclarado el mejor aliado del magisterio con el que tiene comunicaci\u00f3n\nconstante\u201d, enfatiz\u00f3.<\/p>\n\n\n\n<p>Por su parte, el director de la\nCorporaci\u00f3n Oaxaque\u00f1a de Radio y Televisi\u00f3n se\u00f1al\u00f3 que una vez m\u00e1s la televisora\nlocal refrenda su vocaci\u00f3n al servicio de la sociedad y como en los \u00faltimos\nmeses con la transmisi\u00f3n de \u201cAprende en casa I\u201d y \u201cVerano Divertido\u201d, coadyuva\nnuevamente en el aprendizaje de la ni\u00f1ez y adolescencia en tiempos de\ncontingencia.<\/p>\n\n\n\n<p>En Oaxaca, las clases presenciales se\nretomar\u00e1n cuando el sem\u00e1foro epidemiol\u00f3gico se encuentre en verde, en una\ndecisi\u00f3n, en consenso, con los actores del proceso educativo.<\/p>\n","protected":false},"excerpt":{"rendered":"<p>Redacci\u00f3n\/Zona Roja. Oaxaca de Ju\u00e1rez, Oax. 6 de agosto de 2020.- El pr\u00f3ximo 24 de&hellip;<\/p>\n","protected":false},"author":2,"featured_media":15944,"comment_status":"closed","ping_status":"open","sticky":false,"template":"","format":"standard","meta":{"_lmt_disableupdate":"","_lmt_disable":"","_jetpack_memberships_contains_paid_content":false,"footnotes":""},"categories":[109,46],"tags":[1890,599],"class_list":["post-15943","post","type-post","status-publish","format-standard","has-post-thumbnail","hentry","category-minuto-a-minuto","category-zona-blanca","tag-corporacion-oaxaquena-de-radio-y-television-cortv","tag-instituto-estatal-de-educacion-publica-de-oaxaca"],"jetpack_featured_media_url":"https:\/\/zonaroja.com.mx\/wp-content\/uploads\/2020\/08\/02-IEEPO-1.jpg","jetpack_sharing_enabled":true,"_links":{"self":[{"href":"https:\/\/zonaroja.com.mx\/index.php?rest_route=\/wp\/v2\/posts\/15943","targetHints":{"allow":["GET"]}}],"collection":[{"href":"https:\/\/zonaroja.com.mx\/index.php?rest_route=\/wp\/v2\/posts"}],"about":[{"href":"https:\/\/zonaroja.com.mx\/index.php?rest_route=\/wp\/v2\/types\/post"}],"author":[{"embeddable":true,"href":"https:\/\/zonaroja.com.mx\/index.php?rest_route=\/wp\/v2\/users\/2"}],"replies":[{"embeddable":true,"href":"https:\/\/zonaroja.com.mx\/index.php?rest_route=%2Fwp%2Fv2%2Fcomments&post=15943"}],"version-history":[{"count":1,"href":"https:\/\/zonaroja.com.mx\/index.php?rest_route=\/wp\/v2\/posts\/15943\/revisions"}],"predecessor-version":[{"id":15945,"href":"https:\/\/zonaroja.com.mx\/index.php?rest_route=\/wp\/v2\/posts\/15943\/revisions\/15945"}],"wp:featuredmedia":[{"embeddable":true,"href":"https:\/\/zonaroja.com.mx\/index.php?rest_route=\/wp\/v2\/media\/15944"}],"wp:attachment":[{"href":"https:\/\/zonaroja.com.mx\/index.php?rest_route=%2Fwp%2Fv2%2Fmedia&parent=15943"}],"wp:term":[{"taxonomy":"category","embeddable":true,"href":"https:\/\/zonaroja.com.mx\/index.php?rest_route=%2Fwp%2Fv2%2Fcategories&post=15943"},{"taxonomy":"post_tag","embeddable":true,"href":"https:\/\/zonaroja.com.mx\/index.php?rest_route=%2Fwp%2Fv2%2Ftags&post=15943"}],"curies":[{"name":"wp","href":"https:\/\/api.w.org\/{rel}","templated":true}]}}