{"id":15949,"date":"2020-08-06T19:34:54","date_gmt":"2020-08-07T00:34:54","guid":{"rendered":"http:\/\/www.zonaroja.com.mx\/?p=15949"},"modified":"2020-08-06T19:41:38","modified_gmt":"2020-08-07T00:41:38","slug":"el-tepjf-confirma-violencia-de-genero-del-edil-de-suchilquitongo-contra-sindicas","status":"publish","type":"post","link":"https:\/\/zonaroja.com.mx\/?p=15949","title":{"rendered":"El TEPJF confirma violencia de g\u00e9nero del edil de Suchilquitongo contra s\u00edndicas"},"content":{"rendered":"\n<p>Yuridiana Sosa\/Zona Roja.<\/p>\n\n\n\n<p>Oaxaca de Ju\u00e1rez, Oax., 6 de agosto de\n2020.- El pleno de la Sala Xalapa del Tribunal Electoral del Poder Judicial de\nla Federaci\u00f3n (TEPJF) determin\u00f3 la existencia de violencia pol\u00edtica en raz\u00f3n de\ng\u00e9nero en contra de dos s\u00edndicas del municipio de Santiago Suchilquitongo, en\nla regi\u00f3n de Valles Centrales, por parte del presidente municipal.<\/p>\n\n\n\n<p>En sesi\u00f3n p\u00fablica virtual, el m\u00e1ximo \u00f3rgano\nelectoral declar\u00f3 como medida de no repetici\u00f3n, la p\u00e9rdida de la presunci\u00f3n de\ntener un modo honesto de vivir de dicho funcionario, lo cual comunic\u00f3 al Instituto\nEstatal Electoral y de Participaci\u00f3n Ciudadana de Oaxaca (IEEPCO).<\/p>\n\n\n\n<p>Los integrantes del pleno decidieron que existieron los elementos suficientes para acreditar la violencia pol\u00edtica al obstruir el cargo de las s\u00edndicas, lo cual es contrario a lo que manifest\u00f3 en su defensa el presidente municipal, Julio C\u00e9sar Rodr\u00edguez L\u00f3pez<\/p>\n\n\n\n<figure class=\"wp-block-embed-twitter wp-block-embed is-type-rich is-provider-twitter\"><div class=\"wp-block-embed__wrapper\">\n<div class=\"twitter-tweet\"><blockquote class=\"twitter-tweet\" data-lang=\"es\"><p lang=\"es\" dir=\"ltr\">\ud835\udc12\ud835\udc04\ud835\udc12\ud835\udc08\ud835\udc0e\u0301\ud835\udc0d \ud835\udc0d\ud835\udc0e \ud835\udc0f\ud835\udc11\ud835\udc04\ud835\udc12\ud835\udc04\ud835\udc0d\ud835\udc02\ud835\udc08\ud835\udc00\ud835\udc0b l 06 de agosto de 2020<a href=\"https:\/\/twitter.com\/hashtag\/Destacado?src=hash&amp;ref_src=twsrc%5Etfw\">#Destacado<\/a> informativo <a href=\"https:\/\/twitter.com\/hashtag\/SalaXalapa?src=hash&amp;ref_src=twsrc%5Etfw\">#SalaXalapa<\/a> I <a href=\"https:\/\/twitter.com\/hashtag\/TEPJF?src=hash&amp;ref_src=twsrc%5Etfw\">#TEPJF<\/a><br>Bolet\u00edn de prensa: <a href=\"https:\/\/t.co\/ozS0atyoG0\">https:\/\/t.co\/ozS0atyoG0<\/a> <a href=\"https:\/\/t.co\/e7rF2uKoy7\">pic.twitter.com\/e7rF2uKoy7<\/a><\/p>&mdash; Sala Xalapa (@TEPJF_XAL) <a href=\"https:\/\/twitter.com\/TEPJF_XAL\/status\/1291429416803868672?ref_src=twsrc%5Etfw\">6 de agosto de 2020<\/a><\/blockquote><\/div>\n<\/div><\/figure>\n\n\n\n<p>Los magistrados de la Sala Xalapa\navalaron la determinaci\u00f3n del Tribunal Estatal Electoral de Oaxaca (TEEO),\nquien declar\u00f3 que el edil \u201cha perdido la presunci\u00f3n de contar con un modo\nhonesto de vivir debido a que incurri\u00f3 en violencia pol\u00edtica en raz\u00f3n de\ng\u00e9nero\u201d.<\/p>\n\n\n\n<p>El pasado 12 de febrero de este a\u00f1o, las\nautoridades municipales de Santiago Suchilquitongo exigieron la destituci\u00f3n del\npresidente municipal, Rodr\u00edguez L\u00f3pez, del Partido Social Dem\u00f3crata, por\ndiversas faltas a su cargo, entre ellas las de violencia de g\u00e9nero.<\/p>\n\n\n\n<p>La s\u00edndico municipal, Concepci\u00f3n Pinelo\nCaballero, denunci\u00f3 que ella y su suplente sufr\u00edan de violencia pol\u00edtica de\ng\u00e9nero, pues el edil les imped\u00eda ejercer las funciones por las que fue electa.<\/p>\n\n\n\n<p>Por otra parte, durante la sesi\u00f3n de\neste jueves, la Sala Xalapa declar\u00f3 infundada la omisi\u00f3n atribuida al TEEO\nsobre las medidas de apremio que impuso a los integrantes del ayuntamiento de\nSan Jos\u00e9 Independencia, en la regi\u00f3n Cuenca, derivado del incumplimiento de la\nsentencia del TEEO relacionada con la toma de protesta de concejales de ese\nayuntamiento.<\/p>\n\n\n\n<p>Adem\u00e1s, confirm\u00f3 el acuerdo del TEEO\nmediante el cual se determin\u00f3 hacer efectiva la notificaci\u00f3n al presidente de\nla Heroica Ciudad de Tlaxiaco, Gaudencio Ortiz Cruz, dirigida en imponerle una\nmulta equivalente a 400 UMA por incumplimiento en el pago de las dietas\ncorrespondientes a la parte actora ante el TEEO.<\/p>\n\n\n\n<p>Tambi\u00e9n al edil de Santa Mar\u00eda Xadani impuso una multa ante el incumplimiento parcial de una sentencia de pago de dieta a varios regidores.<\/p>\n\n\n\n<figure class=\"wp-block-embed-twitter wp-block-embed is-type-rich is-provider-twitter\"><div class=\"wp-block-embed__wrapper\">\n<div class=\"twitter-tweet\"><blockquote class=\"twitter-tweet\" data-lang=\"es\"><p lang=\"es\" dir=\"ltr\">\ud835\udc12\ud835\udc04\ud835\udc12\ud835\udc08\ud835\udc0e\u0301\ud835\udc0d \ud835\udc0d\ud835\udc0e \ud835\udc0f\ud835\udc11\ud835\udc04\ud835\udc12\ud835\udc04\ud835\udc0d\ud835\udc02\ud835\udc08\ud835\udc00\ud835\udc0b l 06 de agosto de 2020<a href=\"https:\/\/twitter.com\/hashtag\/Destacado?src=hash&amp;ref_src=twsrc%5Etfw\">#Destacado<\/a> informativo <a href=\"https:\/\/twitter.com\/hashtag\/SalaXalapa?src=hash&amp;ref_src=twsrc%5Etfw\">#SalaXalapa<\/a> I <a href=\"https:\/\/twitter.com\/hashtag\/TEPJF?src=hash&amp;ref_src=twsrc%5Etfw\">#TEPJF<\/a><br>Bolet\u00edn de prensa: <a href=\"https:\/\/t.co\/ozS0atyoG0\">https:\/\/t.co\/ozS0atyoG0<\/a> <a href=\"https:\/\/t.co\/bR9oCLKAVP\">pic.twitter.com\/bR9oCLKAVP<\/a><\/p>&mdash; Sala Xalapa (@TEPJF_XAL) <a href=\"https:\/\/twitter.com\/TEPJF_XAL\/status\/1291431560365801472?ref_src=twsrc%5Etfw\">6 de agosto de 2020<\/a><\/blockquote><\/div>\n<\/div><\/figure>\n","protected":false},"excerpt":{"rendered":"<p>Yuridiana Sosa\/Zona Roja. Oaxaca de Ju\u00e1rez, Oax., 6 de agosto de 2020.- El pleno de&hellip;<\/p>\n","protected":false},"author":2,"featured_media":15950,"comment_status":"closed","ping_status":"open","sticky":false,"template":"","format":"standard","meta":{"_lmt_disableupdate":"","_lmt_disable":"","_jetpack_memberships_contains_paid_content":false,"footnotes":""},"categories":[109,47],"tags":[1892,1364],"class_list":["post-15949","post","type-post","status-publish","format-standard","has-post-thumbnail","hentry","category-minuto-a-minuto","category-zona-gris","tag-julio-cesar-rodriguez-lopez","tag-santiago-suchilquitongo"],"jetpack_featured_media_url":"https:\/\/zonaroja.com.mx\/wp-content\/uploads\/2020\/08\/Edil-Suchiquilquitongo-Julio-C\u00e9sar-Rord\u00edguez.jpg","jetpack_sharing_enabled":true,"_links":{"self":[{"href":"https:\/\/zonaroja.com.mx\/index.php?rest_route=\/wp\/v2\/posts\/15949","targetHints":{"allow":["GET"]}}],"collection":[{"href":"https:\/\/zonaroja.com.mx\/index.php?rest_route=\/wp\/v2\/posts"}],"about":[{"href":"https:\/\/zonaroja.com.mx\/index.php?rest_route=\/wp\/v2\/types\/post"}],"author":[{"embeddable":true,"href":"https:\/\/zonaroja.com.mx\/index.php?rest_route=\/wp\/v2\/users\/2"}],"replies":[{"embeddable":true,"href":"https:\/\/zonaroja.com.mx\/index.php?rest_route=%2Fwp%2Fv2%2Fcomments&post=15949"}],"version-history":[{"count":2,"href":"https:\/\/zonaroja.com.mx\/index.php?rest_route=\/wp\/v2\/posts\/15949\/revisions"}],"predecessor-version":[{"id":15953,"href":"https:\/\/zonaroja.com.mx\/index.php?rest_route=\/wp\/v2\/posts\/15949\/revisions\/15953"}],"wp:featuredmedia":[{"embeddable":true,"href":"https:\/\/zonaroja.com.mx\/index.php?rest_route=\/wp\/v2\/media\/15950"}],"wp:attachment":[{"href":"https:\/\/zonaroja.com.mx\/index.php?rest_route=%2Fwp%2Fv2%2Fmedia&parent=15949"}],"wp:term":[{"taxonomy":"category","embeddable":true,"href":"https:\/\/zonaroja.com.mx\/index.php?rest_route=%2Fwp%2Fv2%2Fcategories&post=15949"},{"taxonomy":"post_tag","embeddable":true,"href":"https:\/\/zonaroja.com.mx\/index.php?rest_route=%2Fwp%2Fv2%2Ftags&post=15949"}],"curies":[{"name":"wp","href":"https:\/\/api.w.org\/{rel}","templated":true}]}}