{"id":1595,"date":"2019-06-11T21:26:55","date_gmt":"2019-06-12T02:26:55","guid":{"rendered":"http:\/\/www.zonaroja.com.mx\/?p=1595"},"modified":"2019-06-11T21:26:57","modified_gmt":"2019-06-12T02:26:57","slug":"regana-juez-del-tribunal-a-mp-de-la-fiscalia-por-indagatorias-incompletas","status":"publish","type":"post","link":"https:\/\/zonaroja.com.mx\/?p=1595","title":{"rendered":"\u201cRega\u00f1a\u201d juez del Tribunal a MP de la Fiscal\u00eda por indagatorias incompletas"},"content":{"rendered":"\n<figure class=\"wp-block-image\"><img decoding=\"async\" width=\"1024\" height=\"767\" src=\"http:\/\/www.zonaroja.com.mx\/wp-content\/uploads\/2019\/06\/Espectacular-Ivanna-Mingo-1024x767.jpg\" alt=\"\" class=\"wp-image-1596\" srcset=\"https:\/\/zonaroja.com.mx\/wp-content\/uploads\/2019\/06\/Espectacular-Ivanna-Mingo-1024x767.jpg 1024w, https:\/\/zonaroja.com.mx\/wp-content\/uploads\/2019\/06\/Espectacular-Ivanna-Mingo-300x225.jpg 300w, https:\/\/zonaroja.com.mx\/wp-content\/uploads\/2019\/06\/Espectacular-Ivanna-Mingo-768x575.jpg 768w, https:\/\/zonaroja.com.mx\/wp-content\/uploads\/2019\/06\/Espectacular-Ivanna-Mingo-1170x877.jpg 1170w, https:\/\/zonaroja.com.mx\/wp-content\/uploads\/2019\/06\/Espectacular-Ivanna-Mingo-585x438.jpg 585w, https:\/\/zonaroja.com.mx\/wp-content\/uploads\/2019\/06\/Espectacular-Ivanna-Mingo.jpg 1280w\" sizes=\"(max-width: 1024px) 100vw, 1024px\" \/><figcaption>Foto: Agencia Zona Roja<br><\/figcaption><\/figure>\n\n\n\n<p>Redacci\u00f3n<\/p>\n\n\n\n<p>Oaxaca de\nJu\u00e1rez, Oax., a 11 de junio de 2019.- El juez de control de la causa conmin\u00f3\nhoy al Ministerio P\u00fablico de la Fiscal\u00eda General del Estado a informar a la\nfamilia de Ivanna Mingo L\u00f3pez de manera detallada por qu\u00e9 no procede la\nimputaci\u00f3n de Rebeca Cervantes, madre de Alfredo C., presunto homicida de la\njoven, y de otras personas involucradas.<\/p>\n\n\n\n<p>Este martes\npor la ma\u00f1ana se llev\u00f3 a cabo la audiencia intermedia que tuvo una duraci\u00f3n\naproximada de hora y media, en que el juez \u00fanicamente escuch\u00f3 los argumentos de\nla defensa de Ivanna, mujer que muri\u00f3 en un accidente ocurrido el 21 de octubre\nde 2018 y cuyo probable responsable habr\u00eda ocultado por unas cuatro horas el\ncad\u00e1ver y despu\u00e9s la abandonar\u00eda a la entrada del Hospital General \u201cDr. Aurelio\nValdivieso\u201d.<\/p>\n\n\n\n<p>De acuerdo\ncon Jorge Merlo, asesor de la familia de Ivanna Mingo, la audiencia \u201cfue un\nverdadero \u00e9xito\u201d, pues la Fiscal\u00eda General del Estado se ha negado a ejercitar\nacci\u00f3n penal en contra de Alfredo C., por tres delitos, cuyas evidencias se tienen,\npor lo cual fue reconvenida por el Poder Judicial.<\/p>\n\n\n\n<p>Asimismo, se\nha resistido a ejercer acci\u00f3n penal en contra de Rebeca Cervantes, porque tiene\nalg\u00fan grado de participaci\u00f3n en los hechos, como es el caso de alteraci\u00f3n o\ndestrucci\u00f3n de evidencias.<\/p>\n\n\n\n<p>\u201cHay\nsituaciones dentro de la Carpeta de Investigaci\u00f3n propiciadas por la Fiscal\u00eda\nque no me parecen cuestiones de una limpieza con que se debiera conducir la\nFiscal\u00eda, no se est\u00e1 conduciendo de manera objetiva; en la audiencia de hoy ya\nno pudieron ocultar que parecen m\u00e1s defensor\u00eda p\u00fablica de oficio, al hacer el\ntrabajo de los abogados de los inculpados\u201d, dijo.<\/p>\n\n\n\n<p>En\nentrevista con representantes de medios de comunicaci\u00f3n, expuso que la Fiscal\u00eda\nse ha negado reiteradamente a inculpar a Rebeca Cervantes y otras personas. <\/p>\n\n\n\n<p>\u201cPara m\u00ed hoy\nes un triunfo, porque el juez de control le llam\u00f3 la atenci\u00f3n a la Fiscal\u00eda, le\ndijo que tiene que aprender a fundamentar y motivar sus acuerdos, porque todo\nlo que est\u00e1 resolviendo es sin un fundamento legal, lo cual se lo hemos venido\ndiciendo al MP y al fiscal\u201d.<\/p>\n\n\n\n<p>La audiencia\ncontinuar\u00e1 este mes, aunque no hay fecha precisa, en que los abogados de la\nfamilia Mingo L\u00f3pez insistir\u00e1n en sus demandas, con base en diversos videos,\nfotograf\u00edas y otras pruebas que muestran diversas evidencias.<\/p>\n\n\n\n<p>El abogado\nenvi\u00f3 un mensaje a la Fiscal\u00eda:<\/p>\n\n\n\n<p>\u201cTengan mucho\ncuidado en lo que van a resolver, porque si siguen resolviendo en contra de\nderecho, nos vamos a volver a topar en el \u00f3rgano judicial estatal o federal, y\ndudo que le vayan a dar la raz\u00f3n, porque van en contra del deber de la\nFiscal\u00eda, que es la persecuci\u00f3n de los delitos, no la defensa\u201d.<\/p>\n","protected":false},"excerpt":{"rendered":"<p>Redacci\u00f3n Oaxaca de Ju\u00e1rez, Oax., a 11 de junio de 2019.- El juez de control&hellip;<\/p>\n","protected":false},"author":2,"featured_media":0,"comment_status":"closed","ping_status":"open","sticky":false,"template":"","format":"standard","meta":{"_lmt_disableupdate":"","_lmt_disable":"","_jetpack_memberships_contains_paid_content":false,"footnotes":""},"categories":[47,51],"tags":[94,58,95],"class_list":["post-1595","post","type-post","status-publish","format-standard","hentry","category-zona-gris","category-zona-roja","tag-juez-de-control","tag-oaxaca","tag-rebeca-cervantes"],"jetpack_featured_media_url":"","jetpack_sharing_enabled":true,"_links":{"self":[{"href":"https:\/\/zonaroja.com.mx\/index.php?rest_route=\/wp\/v2\/posts\/1595","targetHints":{"allow":["GET"]}}],"collection":[{"href":"https:\/\/zonaroja.com.mx\/index.php?rest_route=\/wp\/v2\/posts"}],"about":[{"href":"https:\/\/zonaroja.com.mx\/index.php?rest_route=\/wp\/v2\/types\/post"}],"author":[{"embeddable":true,"href":"https:\/\/zonaroja.com.mx\/index.php?rest_route=\/wp\/v2\/users\/2"}],"replies":[{"embeddable":true,"href":"https:\/\/zonaroja.com.mx\/index.php?rest_route=%2Fwp%2Fv2%2Fcomments&post=1595"}],"version-history":[{"count":1,"href":"https:\/\/zonaroja.com.mx\/index.php?rest_route=\/wp\/v2\/posts\/1595\/revisions"}],"predecessor-version":[{"id":1597,"href":"https:\/\/zonaroja.com.mx\/index.php?rest_route=\/wp\/v2\/posts\/1595\/revisions\/1597"}],"wp:attachment":[{"href":"https:\/\/zonaroja.com.mx\/index.php?rest_route=%2Fwp%2Fv2%2Fmedia&parent=1595"}],"wp:term":[{"taxonomy":"category","embeddable":true,"href":"https:\/\/zonaroja.com.mx\/index.php?rest_route=%2Fwp%2Fv2%2Fcategories&post=1595"},{"taxonomy":"post_tag","embeddable":true,"href":"https:\/\/zonaroja.com.mx\/index.php?rest_route=%2Fwp%2Fv2%2Ftags&post=1595"}],"curies":[{"name":"wp","href":"https:\/\/api.w.org\/{rel}","templated":true}]}}