{"id":15954,"date":"2020-08-06T20:55:13","date_gmt":"2020-08-07T01:55:13","guid":{"rendered":"http:\/\/www.zonaroja.com.mx\/?p=15954"},"modified":"2020-08-06T20:55:16","modified_gmt":"2020-08-07T01:55:16","slug":"pueblos-indigenas-con-problemas-de-salud-por-alimentos-chatarra","status":"publish","type":"post","link":"https:\/\/zonaroja.com.mx\/?p=15954","title":{"rendered":"Pueblos ind\u00edgenas, con problemas de salud por alimentos \u201cchatarra\u201d"},"content":{"rendered":"\n<p>Redacci\u00f3n\/Zona Roja.<\/p>\n\n\n\n<p>Oaxaca de Ju\u00e1rez, Oax., 6 de agosto de\n2020.- Luego del incremento en el consumo de alimentos ultraprocesados,\npopularmente conocidos como \u201cchatarra\u201d, en pueblos y comunidades ind\u00edgenas,\ndesde hace varios a\u00f1os se registran problemas de salud como diabetes, hipertensi\u00f3n,\nsobrepeso y obesidad, que los vuelve vulnerables ante la pandemia de la Covid-19.<\/p>\n\n\n\n<p>Tal fue una de las conclusiones del\nwebinario \u201cEl derecho a la alimentaci\u00f3n y soberan\u00eda alimentaria de los pueblos ind\u00edgenas\u00bb\norganizado por el Centro Profesional Ind\u00edgena de Asesor\u00eda, Defensa y Traducci\u00f3n\nA.C. (Cepiadet), moderado por Yasyana Elena Aguilar Gil integrante de\norganizaci\u00f3n Colegio Mixe (Colmix).<\/p>\n\n\n\n<p>Ante ello, la Regidora de Educaci\u00f3n del\nmunicipio de Villa Hidalgo Yalalag, en la Sierra Norte de Oaxaca, expuso que su\ncomunidad ha sido una de las m\u00e1s afectadas por la venta y consumo de productos\nindustrializados, seg\u00fan un comunicado de Cepiadet.<\/p>\n\n\n\n<p>Se\u00f1al\u00f3 que ejemplo de ellos es la\nexistencia de al menos 50 personas con diabetes, de acuerdo con registros de la\nUnidad M\u00e9dica Rural, cuyos responsables sostienen que la mayor\u00eda de estos\npacientes no llevan control m\u00e9dico porque no quieren dejar de consumir\n\u201cchatarra\u201d pues la asocian a una falsa \u201ccalidad de vida\u201d, manifest\u00f3 la\nservidora p\u00fablica municipal.<\/p>\n\n\n\n<p>Coment\u00f3 que por eso, ante la pandemia de\nla Covid-19, Yal\u00e1lag ha tomado acciones como cierre de caminos para proteger a\nsu poblaci\u00f3n vulnerable del contagio del coronavirus, y decidi\u00f3 prohibir el\npaso a distribuidores de productos industrializados, con la finalidad de que la\npoblaci\u00f3n regrese a su alimentaci\u00f3n tradicional.<\/p>\n\n\n\n<p>Villa Hidalgo Yalalag es un ejemplo de\nla problem\u00e1tica extendida por la mayor\u00eda de comunidades ind\u00edgenas del pa\u00eds\ndonde alimentos producidos en la propia localidad son desplazados por otros\nultra procesados y bebidas embotelladas o \u201crefrescos\u201d, que han penetrado\ngracias a que cuentan con una enorme publicidad, mercadotecnia y distribuci\u00f3n,\nasever\u00f3 Abelardo C\u00e9sar \u00c1vila Curiel, investigador del Instituto Nacional de\nCiencias M\u00e9dicas y Nutrici\u00f3n \u201cSalvador Zubir\u00e1n\u201d.<\/p>\n\n\n\n<p>A su vez, Alejandro Calvillo Unna,\ndirector de Poder del Consumidor A.C., destac\u00f3 que en Am\u00e9rica Latina, M\u00e9xico es\nel mayor consumidor de tales productos, y entre los estados, Oaxaca y Chiapas\nfiguran entre los mayores consumidores de Coca cola, lo cual se refleja en\nproblemas de salud p\u00fablica por diabetes y obesidad.<\/p>\n\n\n\n<p>Y dio el ejemplo de un estudio\nrealizado, con el apoyo del Instituto Nacional de la Nutrici\u00f3n, en el municipio\nde Chilapa en la monta\u00f1a de Guerrero, donde el 60 % de las y los ni\u00f1os\ndeclaraban que hab\u00edan incluido en su desayuno bebidas azucaradas, y un\nporcentaje igual del alumnado de primaria, secundaria y preparatoria,\ndeclaraban haber consumido en d\u00eda anterior, tres veces o m\u00e1s, bebidas\nazucaradas.<\/p>\n\n\n\n<p>Calvillo Unna mencion\u00f3 que despu\u00e9s de\nimpartir un taller a las y los ni\u00f1os de Chilapa, estos se organizaron para\ndejar de comprar frituras empaquetadas y el dinero que gastaban en su consumo\nlo invirtieron en ingredientes locales para preparar, ellos mismos, un almuerzo\nnutritivo para ellos y sus compa\u00f1eros, lo que dio como resultado una mejor\nnutrici\u00f3n y baja de talla.<\/p>\n\n\n\n<p>En la mixteca oaxaque\u00f1a, el colectivo\nVe\u2019e \u00d1uu de Tlaxiaco, en el que participan Bacilia Ria\u00f1o Bautista y Romeo\nRam\u00edrez Gonz\u00e1lez, se ha dado a la tarea de comercializar alimentos producidos\nen el campo como quelites, hongos, nopales, pulque y tortillas hechas a mano,\ncon el objetivo de revalorar la comida de las comunidades ind\u00edgenas, adem\u00e1s\ncompartir conocimientos sobre la preparaci\u00f3n de diversos platillos, dieron a\nconocer ellos mismos.<\/p>\n\n\n\n<p>Abelardo \u00c1vila Curiel subray\u00f3 que la\nmala alimentaci\u00f3n surge de varios factores ente los que figuran la\ndesvalorizaci\u00f3n de los productos alimenticios locales, empezando por el ma\u00edz y\nel frijol, y tambi\u00e9n por las pol\u00edticas p\u00fablicas neoliberales que han ponderado\nla compra, por ejemplo, de ma\u00edz importado, lo que ha provocado la quiebra del\ncampo y que los productores se conviertan fuerza de trabajo para la industria.<\/p>\n","protected":false},"excerpt":{"rendered":"<p>Redacci\u00f3n\/Zona Roja. Oaxaca de Ju\u00e1rez, Oax., 6 de agosto de 2020.- Luego del incremento en&hellip;<\/p>\n","protected":false},"author":2,"featured_media":15955,"comment_status":"closed","ping_status":"open","sticky":false,"template":"","format":"standard","meta":{"_lmt_disableupdate":"","_lmt_disable":"","_jetpack_memberships_contains_paid_content":false,"footnotes":""},"categories":[109,46],"tags":[1893,1894],"class_list":["post-15954","post","type-post","status-publish","format-standard","has-post-thumbnail","hentry","category-minuto-a-minuto","category-zona-blanca","tag-centro-profesional-indigena-de-de-asesoria","tag-defensa-y-traduccion-cepiadet"],"jetpack_featured_media_url":"https:\/\/zonaroja.com.mx\/wp-content\/uploads\/2020\/08\/Alimentos-Saludables.png","jetpack_sharing_enabled":true,"_links":{"self":[{"href":"https:\/\/zonaroja.com.mx\/index.php?rest_route=\/wp\/v2\/posts\/15954","targetHints":{"allow":["GET"]}}],"collection":[{"href":"https:\/\/zonaroja.com.mx\/index.php?rest_route=\/wp\/v2\/posts"}],"about":[{"href":"https:\/\/zonaroja.com.mx\/index.php?rest_route=\/wp\/v2\/types\/post"}],"author":[{"embeddable":true,"href":"https:\/\/zonaroja.com.mx\/index.php?rest_route=\/wp\/v2\/users\/2"}],"replies":[{"embeddable":true,"href":"https:\/\/zonaroja.com.mx\/index.php?rest_route=%2Fwp%2Fv2%2Fcomments&post=15954"}],"version-history":[{"count":1,"href":"https:\/\/zonaroja.com.mx\/index.php?rest_route=\/wp\/v2\/posts\/15954\/revisions"}],"predecessor-version":[{"id":15956,"href":"https:\/\/zonaroja.com.mx\/index.php?rest_route=\/wp\/v2\/posts\/15954\/revisions\/15956"}],"wp:featuredmedia":[{"embeddable":true,"href":"https:\/\/zonaroja.com.mx\/index.php?rest_route=\/wp\/v2\/media\/15955"}],"wp:attachment":[{"href":"https:\/\/zonaroja.com.mx\/index.php?rest_route=%2Fwp%2Fv2%2Fmedia&parent=15954"}],"wp:term":[{"taxonomy":"category","embeddable":true,"href":"https:\/\/zonaroja.com.mx\/index.php?rest_route=%2Fwp%2Fv2%2Fcategories&post=15954"},{"taxonomy":"post_tag","embeddable":true,"href":"https:\/\/zonaroja.com.mx\/index.php?rest_route=%2Fwp%2Fv2%2Ftags&post=15954"}],"curies":[{"name":"wp","href":"https:\/\/api.w.org\/{rel}","templated":true}]}}