{"id":15960,"date":"2020-08-06T21:55:14","date_gmt":"2020-08-07T02:55:14","guid":{"rendered":"http:\/\/www.zonaroja.com.mx\/?p=15960"},"modified":"2020-08-06T21:55:20","modified_gmt":"2020-08-07T02:55:20","slug":"rebasa-oaxaca-los-11-mil-casos-acumulados-de-covid-19","status":"publish","type":"post","link":"https:\/\/zonaroja.com.mx\/?p=15960","title":{"rendered":"Rebasa Oaxaca los 11 mil casos acumulados de Covid-19"},"content":{"rendered":"\n<p>Redacci\u00f3n\/Zona Roja.<\/p>\n\n\n\n<p>Oaxaca de Ju\u00e1rez, Oax., 6 de agosto de\n2020.- Al corte epidemiol\u00f3gico de este jueves 6 de agosto, en Oaxaca se han\nregistrado 98 casos nuevos, que suman 11 mil 325 acumulados a Covid-19, inform\u00f3\nla dependencia Servicios de Salud de la entidad.<\/p>\n\n\n\n<p>Agreg\u00f3 que se han notificado 16 mil 976\ncasos, de los cuales cuatro mil 714 son negativos, 937 son sospechosos en espera\nde confirmaci\u00f3n por laboratorio, nueve mil 628 se han recuperado y\nlamentablemente hoy se registran nueve defunciones que suman mil 025; hay 672\ncasos activos.<\/p>\n\n\n\n<p>Se\u00f1al\u00f3 que la Jurisdicci\u00f3n Sanitaria n\u00famero uno Valles Centrales registra siete mil 441 casos confirmados y 496 defunciones, Tuxtepec mil 482 y 220 defunciones, Istmo mil 130 y 171 defunciones, Mixteca 639 y 60 defunciones, Costa 448 y 48 defunciones, y la Sierra 185 y 30 defunciones.<\/p>\n\n\n\n<figure class=\"wp-block-embed-twitter wp-block-embed is-type-rich is-provider-twitter\"><div class=\"wp-block-embed__wrapper\">\n<div class=\"twitter-tweet\"><blockquote class=\"twitter-tweet\" data-lang=\"es\"><p lang=\"es\" dir=\"ltr\">Hoy <a href=\"https:\/\/twitter.com\/hashtag\/Oaxaca?src=hash&amp;ref_src=twsrc%5Etfw\">#Oaxaca<\/a> registr\u00f3 98 casos nuevos positivos de <a href=\"https:\/\/twitter.com\/hashtag\/COVID19?src=hash&amp;ref_src=twsrc%5Etfw\">#COVID19<\/a>, distribuidos en 29 municipios. <a href=\"https:\/\/t.co\/gBsaMGSW7u\">pic.twitter.com\/gBsaMGSW7u<\/a><\/p>&mdash; Servicios de Salud (@SSO_GobOax) <a href=\"https:\/\/twitter.com\/SSO_GobOax\/status\/1291553411092054016?ref_src=twsrc%5Etfw\">7 de agosto de 2020<\/a><\/blockquote><\/div>\n<\/div><\/figure>\n\n\n\n<p>Dijo que los 98 casos nuevos se\ndistribuyen en 29 municipios y los que mayor n\u00famero presentan son Oaxaca de\nJu\u00e1rez con 25 casos, Villa de Zaachila ocho, San Juan Bautista Tuxtepec y Santa\nLuc\u00eda del Camino siete cada uno, Santa Cruz Xoxocotl\u00e1n y Santa Mar\u00eda Atzompa\nseis cada uno, Juchit\u00e1n de Zaragoza cinco, Miahuatl\u00e1n de Porfirio D\u00edaz cuatro,\nel resto tres, dos y uno.<\/p>\n\n\n\n<p>De los 672 casos activos, la\nJurisdicci\u00f3n Sanitaria n\u00famero uno Valles Centrales tiene contabilizados 468,\nMixteca 59, Costa 47, Tuxtepec 45, Istmo 41 y la Sierra 12.<\/p>\n\n\n\n<p>En relaci\u00f3n a las mil 025 defunciones\nregistradas, el grupo de edad m\u00e1s afectado es el de 65 y mas a\u00f1os con 445, el\nde 50 a 59 a\u00f1os con 247 y de 60 a 64 a\u00f1os con 147. Las comorbilidades asociadas\nson la diabetes, hipertensi\u00f3n arterial, obesidad e insuficiencia renal. Por\nsexo 667 son hombres y 358 han sido mujeres.<\/p>\n","protected":false},"excerpt":{"rendered":"<p>Redacci\u00f3n\/Zona Roja. Oaxaca de Ju\u00e1rez, Oax., 6 de agosto de 2020.- Al corte epidemiol\u00f3gico de&hellip;<\/p>\n","protected":false},"author":2,"featured_media":15961,"comment_status":"closed","ping_status":"open","sticky":false,"template":"","format":"standard","meta":{"_lmt_disableupdate":"","_lmt_disable":"","_jetpack_memberships_contains_paid_content":false,"footnotes":""},"categories":[109,47],"tags":[1512],"class_list":["post-15960","post","type-post","status-publish","format-standard","has-post-thumbnail","hentry","category-minuto-a-minuto","category-zona-gris","tag-coronavirus-oaxaca"],"jetpack_featured_media_url":"https:\/\/zonaroja.com.mx\/wp-content\/uploads\/2020\/08\/SSO-1-2-1.jpeg","jetpack_sharing_enabled":true,"_links":{"self":[{"href":"https:\/\/zonaroja.com.mx\/index.php?rest_route=\/wp\/v2\/posts\/15960","targetHints":{"allow":["GET"]}}],"collection":[{"href":"https:\/\/zonaroja.com.mx\/index.php?rest_route=\/wp\/v2\/posts"}],"about":[{"href":"https:\/\/zonaroja.com.mx\/index.php?rest_route=\/wp\/v2\/types\/post"}],"author":[{"embeddable":true,"href":"https:\/\/zonaroja.com.mx\/index.php?rest_route=\/wp\/v2\/users\/2"}],"replies":[{"embeddable":true,"href":"https:\/\/zonaroja.com.mx\/index.php?rest_route=%2Fwp%2Fv2%2Fcomments&post=15960"}],"version-history":[{"count":1,"href":"https:\/\/zonaroja.com.mx\/index.php?rest_route=\/wp\/v2\/posts\/15960\/revisions"}],"predecessor-version":[{"id":15962,"href":"https:\/\/zonaroja.com.mx\/index.php?rest_route=\/wp\/v2\/posts\/15960\/revisions\/15962"}],"wp:featuredmedia":[{"embeddable":true,"href":"https:\/\/zonaroja.com.mx\/index.php?rest_route=\/wp\/v2\/media\/15961"}],"wp:attachment":[{"href":"https:\/\/zonaroja.com.mx\/index.php?rest_route=%2Fwp%2Fv2%2Fmedia&parent=15960"}],"wp:term":[{"taxonomy":"category","embeddable":true,"href":"https:\/\/zonaroja.com.mx\/index.php?rest_route=%2Fwp%2Fv2%2Fcategories&post=15960"},{"taxonomy":"post_tag","embeddable":true,"href":"https:\/\/zonaroja.com.mx\/index.php?rest_route=%2Fwp%2Fv2%2Ftags&post=15960"}],"curies":[{"name":"wp","href":"https:\/\/api.w.org\/{rel}","templated":true}]}}