{"id":15963,"date":"2020-08-06T22:05:28","date_gmt":"2020-08-07T03:05:28","guid":{"rendered":"http:\/\/www.zonaroja.com.mx\/?p=15963"},"modified":"2020-08-06T22:05:32","modified_gmt":"2020-08-07T03:05:32","slug":"detiene-la-fgr-a-seis-elementos-de-la-fiscalia-general-de-oaxaca","status":"publish","type":"post","link":"https:\/\/zonaroja.com.mx\/?p=15963","title":{"rendered":"Detiene la FGR a seis elementos de la Fiscal\u00eda General de Oaxaca"},"content":{"rendered":"\n<p>Redacci\u00f3n\/Zona Roja.<\/p>\n\n\n\n<p>Oaxaca de Ju\u00e1rez, Oax., 6 de agosto de\n2020.- Seis elementos de investigaci\u00f3n de la Fiscal\u00eda General del Estado de\nOaxaca fueron detenidos la tarde de hoy por agentes de la Fiscal\u00eda General de\nla Rep\u00fablica.<\/p>\n\n\n\n<p>Se trata de dos comandantes regionales de\nla Agencia Estatal de Investigaciones (AEI) y cuatro de la Fuerza Especial de Reacci\u00f3n\nInmediata (FERI), esta \u00faltima corporaci\u00f3n bajo el mando directo del fiscal\nRub\u00e9n Vasconcelos M\u00e9ndez.<\/p>\n\n\n\n<p>Los aprehendidos por parte de la AEI fueron\nidentificados como los comandantes Abel M., asignado en la Costa, y Juan Jos\u00e9\nR. L., en la Mixteca.<\/p>\n\n\n\n<p>La Fiscal\u00eda General ha guardado\nhermetismo respecto del caso, lo cual ha generado especulaciones, entre ellas,\nque habr\u00edan sido trasladados a la Ciudad de M\u00e9xico, por presuntos v\u00ednculos con\ngrupos de la delincuencia organizada.<\/p>\n\n\n\n<p>Otros refieren que es por las\ninvestigaciones en torno a la desaparici\u00f3n de dos integrantes del Ej\u00e9rcito\nPopular Revolucionario (EPR).<\/p>\n\n\n\n<p>En este \u00faltimo caso, la agencia Proceso\ninform\u00f3 a mediados de febrero del a\u00f1o pasado que la Comisi\u00f3n Nacional de los\nDerechos Humanos (CNDH) exhort\u00f3 a la Suprema Corte de Justicia de la Naci\u00f3n\n(SCJN) a atraer el caso de Edmundo Reyes Amaya y Gabriel Alberto Cruz S\u00e1nchez,\nintegrantes del EPR, presuntamente v\u00edctimas de desaparici\u00f3n forzada, en mayo de\n2007.<\/p>\n\n\n\n<p>En un comunicado, la CNDH dio a conocer\nque el pasado viernes 9 la ombudsperson Rosario Piedra Ibarra recibi\u00f3 y escuch\u00f3\na los familiares de Reyes Amaya y Cruz S\u00e1nchez, quienes le pidieron se\npronunciara para que la SCJN atraiga el caso.<\/p>\n\n\n\n<p>De acuerdo con la investigaci\u00f3n\nrealizada por el organismo, desde que se dio a conocer la desaparici\u00f3n de los\neperristas, autoridades federales y del estado de Oaxaca vulneraron los\nderechos humanos de libertad, integridad personal, legalidad, seguridad\njur\u00eddica, acceso a la justicia, defensa y debido proceso, contenidos en los\ndiversos ordenamientos legales nacionales y en los compromisos internacionales\nsuscritos por nuestro pa\u00eds, respecto de los desaparecidos.<\/p>\n","protected":false},"excerpt":{"rendered":"<p>Redacci\u00f3n\/Zona Roja. Oaxaca de Ju\u00e1rez, Oax., 6 de agosto de 2020.- Seis elementos de investigaci\u00f3n&hellip;<\/p>\n","protected":false},"author":2,"featured_media":5405,"comment_status":"closed","ping_status":"open","sticky":false,"template":"","format":"standard","meta":{"_lmt_disableupdate":"","_lmt_disable":"","_jetpack_memberships_contains_paid_content":false,"footnotes":""},"categories":[109,47],"tags":[1709,494],"class_list":["post-15963","post","type-post","status-publish","format-standard","has-post-thumbnail","hentry","category-minuto-a-minuto","category-zona-gris","tag-agencia-estatal-de-investigaciones-aei","tag-fiscalia-general-del-estado-de-oaxaca"],"jetpack_featured_media_url":"https:\/\/zonaroja.com.mx\/wp-content\/uploads\/2019\/11\/Fiscal\u00eda-General-del-Estado-e1572901181551.jpg","jetpack_sharing_enabled":true,"_links":{"self":[{"href":"https:\/\/zonaroja.com.mx\/index.php?rest_route=\/wp\/v2\/posts\/15963","targetHints":{"allow":["GET"]}}],"collection":[{"href":"https:\/\/zonaroja.com.mx\/index.php?rest_route=\/wp\/v2\/posts"}],"about":[{"href":"https:\/\/zonaroja.com.mx\/index.php?rest_route=\/wp\/v2\/types\/post"}],"author":[{"embeddable":true,"href":"https:\/\/zonaroja.com.mx\/index.php?rest_route=\/wp\/v2\/users\/2"}],"replies":[{"embeddable":true,"href":"https:\/\/zonaroja.com.mx\/index.php?rest_route=%2Fwp%2Fv2%2Fcomments&post=15963"}],"version-history":[{"count":1,"href":"https:\/\/zonaroja.com.mx\/index.php?rest_route=\/wp\/v2\/posts\/15963\/revisions"}],"predecessor-version":[{"id":15964,"href":"https:\/\/zonaroja.com.mx\/index.php?rest_route=\/wp\/v2\/posts\/15963\/revisions\/15964"}],"wp:featuredmedia":[{"embeddable":true,"href":"https:\/\/zonaroja.com.mx\/index.php?rest_route=\/wp\/v2\/media\/5405"}],"wp:attachment":[{"href":"https:\/\/zonaroja.com.mx\/index.php?rest_route=%2Fwp%2Fv2%2Fmedia&parent=15963"}],"wp:term":[{"taxonomy":"category","embeddable":true,"href":"https:\/\/zonaroja.com.mx\/index.php?rest_route=%2Fwp%2Fv2%2Fcategories&post=15963"},{"taxonomy":"post_tag","embeddable":true,"href":"https:\/\/zonaroja.com.mx\/index.php?rest_route=%2Fwp%2Fv2%2Ftags&post=15963"}],"curies":[{"name":"wp","href":"https:\/\/api.w.org\/{rel}","templated":true}]}}