{"id":15965,"date":"2020-08-07T07:51:10","date_gmt":"2020-08-07T12:51:10","guid":{"rendered":"http:\/\/www.zonaroja.com.mx\/?p=15965"},"modified":"2020-08-07T14:29:36","modified_gmt":"2020-08-07T19:29:36","slug":"libran-orden-de-aprehension-contra-ex-procurador-de-oaxaca","status":"publish","type":"post","link":"https:\/\/zonaroja.com.mx\/?p=15965","title":{"rendered":"Libran orden de aprehensi\u00f3n contra ex procurador de Oaxaca"},"content":{"rendered":"\n<p>Redacci\u00f3n\/Zona Roja. Foto: Archivo<\/p>\n\n\n\n<p>Oaxaca de Ju\u00e1rez, Oax., 7 de agosto de\n2020.- Un juez federal libr\u00f3 una orden de aprehensi\u00f3n en contra de Evencio\nNicol\u00e1s Mart\u00ednez Ram\u00edrez, quien fuera procurador de Justicia en el sexenio de\nUlises Ruiz Ortiz, as\u00ed como del ex director de la entonces Polic\u00eda Ministerial,\nDaniel Camarena Flores, este \u00faltimo ya detenido.<\/p>\n\n\n\n<p>Lo anterior por el delito de desaparici\u00f3n\nforzada de los integrantes del Ej\u00e9rcito Popular Revolucionario (EPR), Edmundo\nReyes Amaya y Gabriel Alberto Cruz S\u00e1nchez, ocurrida en mayo del a\u00f1o 2007.<\/p>\n\n\n\n<p>Por esa misma causa fueron detenidos\nayer seis integrantes de la Fiscal\u00eda General del Estado de Oaxaca, dos comandantes\ny cuatro elementos de la Fuerza Especial de Reacci\u00f3n Inmediata (FERI), esta\ncorporaci\u00f3n al mando directo del fiscal Rub\u00e9n Vasconcelos M\u00e9ndez.<\/p>\n\n\n\n<p>En operativos implementados por\nintegrantes de la Guardia Nacional y de la Fiscal\u00eda General de la Rep\u00fablica,\nfueron detenidos Daniel Camarena, quien era el director de la entonces Polic\u00eda\nMinisterial; los comandantes, Abel M., comisionado en la Mixteca; Juan J., del\ngrupo de Alto Impacto de Valles Centrales y la Ca\u00f1ada.<\/p>\n\n\n\n<p>Tambi\u00e9n el jefe de grupo Francisco P.,\ny los agentes Samuel L., D\u00e1maso S y Ernesto H., por lo cual son siete los\narrestados que fueron llevados para ser certificados en las instalaciones de la\nFiscal\u00eda General de la Rep\u00fablica y posteriormente trasladados al penal de\nPuente Grande, en Jalisco.<\/p>\n\n\n\n<p>La orden de aprehensi\u00f3n se habr\u00eda librado\nluego que la Suprema Corte de Justicia de la Naci\u00f3n atrajo el caso.<\/p>\n\n\n\n<p>En informaci\u00f3n difundida en medios\ninformativos, Nadine Reyes, hija de Edmundo Reyes y Margarita Cruz, hermana de\nGabriel Cruz, indicaron que el 6 de mayo de 2019 el Juzgado Cuarto de Distrito\nde Amparo en Materia Penal en la Ciudad de M\u00e9xico emiti\u00f3 una sentencia que\nreconoc\u00eda \u201cla grave violaci\u00f3n de derechos humanos\u201d en contra de los eperristas\n\u201cpor parte de agentes del Estado mexicano\u201d.<\/p>\n\n\n\n<p>Pero la Fiscal\u00eda General de la\nRep\u00fablica y la Secretar\u00eda de la Defensa Nacional presentaron recursos de\ninconformidad en contra de la resoluci\u00f3n, procedimiento que qued\u00f3 radicado en\nel Segundo Tribunal Colegiado en Materia Penal del Primer Circuito, instancia\nque determin\u00f3 enviar el caso a la SCJN el pasado 12 de diciembre.<\/p>\n\n\n\n<p>Por ello, la Suprema Corte de Justicia\nde la Naci\u00f3n (SCJN) atrajo el caso de los miembros del grupo guerrillero\nEj\u00e9rcito Popular Revolucionario (EPR) desaparecidos en Oaxaca Edmundo Reyes\nAmaya y Gabriel Alberto Cruz S\u00e1nchez.<\/p>\n\n\n\n<p>Los eperristas desaparecieron hace 13\na\u00f1os, el 25 de mayo de 2007 en la ciudad de Oaxaca, cuando Ulises Ruiz Ortiz\nera gobernador del estado y Felipe Calder\u00f3n Hinojosa jefe del Ejecutivo\nfederal.<\/p>\n\n\n\n<p>Ambos fueron ubicados por \u00faltima vez en\nel hotel \u201cDel \u00c1rbol\u201d ubicado en la calzada Madero de la capital, donde\narribaron los integrantes del Ej\u00e9rcito Mexicano y polic\u00edas para llevarlos, luego\nde ser alertados que hab\u00eda personas armadas.<\/p>\n\n\n\n<p>Desde esa vez no se supo del paradero\nde los dos guerrilleros y por cual iniciaron con una investigaci\u00f3n del caso.<\/p>\n","protected":false},"excerpt":{"rendered":"<p>Redacci\u00f3n\/Zona Roja. Foto: Archivo Oaxaca de Ju\u00e1rez, Oax., 7 de agosto de 2020.- Un juez&hellip;<\/p>\n","protected":false},"author":2,"featured_media":15966,"comment_status":"closed","ping_status":"open","sticky":false,"template":"","format":"standard","meta":{"_lmt_disableupdate":"","_lmt_disable":"","_jetpack_memberships_contains_paid_content":false,"footnotes":""},"categories":[109,47],"tags":[1895],"class_list":["post-15965","post","type-post","status-publish","format-standard","has-post-thumbnail","hentry","category-minuto-a-minuto","category-zona-gris","tag-evencio-nicolas-martinez-ramirez"],"jetpack_featured_media_url":"https:\/\/zonaroja.com.mx\/wp-content\/uploads\/2020\/08\/Evencio-Nicol\u00e1s-Mart\u00ednez-2.jpg","jetpack_sharing_enabled":true,"_links":{"self":[{"href":"https:\/\/zonaroja.com.mx\/index.php?rest_route=\/wp\/v2\/posts\/15965","targetHints":{"allow":["GET"]}}],"collection":[{"href":"https:\/\/zonaroja.com.mx\/index.php?rest_route=\/wp\/v2\/posts"}],"about":[{"href":"https:\/\/zonaroja.com.mx\/index.php?rest_route=\/wp\/v2\/types\/post"}],"author":[{"embeddable":true,"href":"https:\/\/zonaroja.com.mx\/index.php?rest_route=\/wp\/v2\/users\/2"}],"replies":[{"embeddable":true,"href":"https:\/\/zonaroja.com.mx\/index.php?rest_route=%2Fwp%2Fv2%2Fcomments&post=15965"}],"version-history":[{"count":2,"href":"https:\/\/zonaroja.com.mx\/index.php?rest_route=\/wp\/v2\/posts\/15965\/revisions"}],"predecessor-version":[{"id":15983,"href":"https:\/\/zonaroja.com.mx\/index.php?rest_route=\/wp\/v2\/posts\/15965\/revisions\/15983"}],"wp:featuredmedia":[{"embeddable":true,"href":"https:\/\/zonaroja.com.mx\/index.php?rest_route=\/wp\/v2\/media\/15966"}],"wp:attachment":[{"href":"https:\/\/zonaroja.com.mx\/index.php?rest_route=%2Fwp%2Fv2%2Fmedia&parent=15965"}],"wp:term":[{"taxonomy":"category","embeddable":true,"href":"https:\/\/zonaroja.com.mx\/index.php?rest_route=%2Fwp%2Fv2%2Fcategories&post=15965"},{"taxonomy":"post_tag","embeddable":true,"href":"https:\/\/zonaroja.com.mx\/index.php?rest_route=%2Fwp%2Fv2%2Ftags&post=15965"}],"curies":[{"name":"wp","href":"https:\/\/api.w.org\/{rel}","templated":true}]}}