{"id":15968,"date":"2020-08-07T08:14:14","date_gmt":"2020-08-07T13:14:14","guid":{"rendered":"http:\/\/www.zonaroja.com.mx\/?p=15968"},"modified":"2020-08-07T08:14:17","modified_gmt":"2020-08-07T13:14:17","slug":"en-presunto-enfrentamiento-asesinan-a-balazos-a-individuo-en-mixtepec","status":"publish","type":"post","link":"https:\/\/zonaroja.com.mx\/?p=15968","title":{"rendered":"En presunto enfrentamiento, asesinan a balazos a individuo en Mixtepec"},"content":{"rendered":"\n<p>Redacci\u00f3n\/Zona Roja.<\/p>\n\n\n\n<p>Oaxaca de Ju\u00e1rez, Oax., 7 de agosto de\n2020.- En un presunto enfrentamiento entre grupos armados, un individuo fue\nasesinado ayer por la tarde a la altura del paraje \u201cTres Cruces\u201d de la\ncarretera que comunica a la Heroica Ciudad de Tlaxiaco con San Juan Mixtepec.<\/p>\n\n\n\n<p>La v\u00edctima fue identificada como Celso\nCh\u00e1vez Santiago, quien qued\u00f3 en el interior de su camioneta marca Ford y era\noriginaria de Mixtepec.<\/p>\n\n\n\n<p>Hasta el momento no hay personas\ndetenidas ni se ha precisado el m\u00f3vil del crimen. Sin embargo, en esa zona han\nocurrido diversas agresiones armadas entre Mixtepec y Santo Domingo Yoso\u00f1ama,\npor una disputa agraria, con saldos mortales.<\/p>\n\n\n\n<p>Por otra parte, en la localidad de Santa\nMar\u00eda Camotl\u00e1n, en la regi\u00f3n Mixteca de Oaxaca, fueron localizados restos\nhumanos, el pasado mi\u00e9rcoles, en un predio del paraje \u201cEl Sotol\u00edn\u201d.<\/p>\n\n\n\n<p>De acuerdo con los primeros peritajes,\nen esa zona se hallaron coxis, costillas y f\u00e9mur, as\u00ed como un pantal\u00f3n de\nmezclilla color azul y un su\u00e9ter. La Vicefiscal\u00eda Regional de la Mixteca inici\u00f3\nlas indagatorias con la finalidad de deslindar responsabilidades.<\/p>\n","protected":false},"excerpt":{"rendered":"<p>Redacci\u00f3n\/Zona Roja. Oaxaca de Ju\u00e1rez, Oax., 7 de agosto de 2020.- En un presunto enfrentamiento&hellip;<\/p>\n","protected":false},"author":2,"featured_media":15969,"comment_status":"closed","ping_status":"open","sticky":false,"template":"","format":"standard","meta":{"_lmt_disableupdate":"","_lmt_disable":"","_jetpack_memberships_contains_paid_content":false,"footnotes":""},"categories":[109,51],"tags":[1768],"class_list":["post-15968","post","type-post","status-publish","format-standard","has-post-thumbnail","hentry","category-minuto-a-minuto","category-zona-roja","tag-san-juan-mixtepec"],"jetpack_featured_media_url":"https:\/\/zonaroja.com.mx\/wp-content\/uploads\/2020\/08\/Asesinado-Mixteca-San-Juan-Mixtepec.jpg","jetpack_sharing_enabled":true,"_links":{"self":[{"href":"https:\/\/zonaroja.com.mx\/index.php?rest_route=\/wp\/v2\/posts\/15968","targetHints":{"allow":["GET"]}}],"collection":[{"href":"https:\/\/zonaroja.com.mx\/index.php?rest_route=\/wp\/v2\/posts"}],"about":[{"href":"https:\/\/zonaroja.com.mx\/index.php?rest_route=\/wp\/v2\/types\/post"}],"author":[{"embeddable":true,"href":"https:\/\/zonaroja.com.mx\/index.php?rest_route=\/wp\/v2\/users\/2"}],"replies":[{"embeddable":true,"href":"https:\/\/zonaroja.com.mx\/index.php?rest_route=%2Fwp%2Fv2%2Fcomments&post=15968"}],"version-history":[{"count":1,"href":"https:\/\/zonaroja.com.mx\/index.php?rest_route=\/wp\/v2\/posts\/15968\/revisions"}],"predecessor-version":[{"id":15970,"href":"https:\/\/zonaroja.com.mx\/index.php?rest_route=\/wp\/v2\/posts\/15968\/revisions\/15970"}],"wp:featuredmedia":[{"embeddable":true,"href":"https:\/\/zonaroja.com.mx\/index.php?rest_route=\/wp\/v2\/media\/15969"}],"wp:attachment":[{"href":"https:\/\/zonaroja.com.mx\/index.php?rest_route=%2Fwp%2Fv2%2Fmedia&parent=15968"}],"wp:term":[{"taxonomy":"category","embeddable":true,"href":"https:\/\/zonaroja.com.mx\/index.php?rest_route=%2Fwp%2Fv2%2Fcategories&post=15968"},{"taxonomy":"post_tag","embeddable":true,"href":"https:\/\/zonaroja.com.mx\/index.php?rest_route=%2Fwp%2Fv2%2Ftags&post=15968"}],"curies":[{"name":"wp","href":"https:\/\/api.w.org\/{rel}","templated":true}]}}