{"id":15971,"date":"2020-08-07T08:32:18","date_gmt":"2020-08-07T13:32:18","guid":{"rendered":"http:\/\/www.zonaroja.com.mx\/?p=15971"},"modified":"2020-08-07T08:32:22","modified_gmt":"2020-08-07T13:32:22","slug":"reanudan-protestas-normalistas-acusan-a-funcionario-del-ieepo-de-engano","status":"publish","type":"post","link":"https:\/\/zonaroja.com.mx\/?p=15971","title":{"rendered":"Reanudan protestas normalistas; acusan a funcionario del IEEPO de enga\u00f1o"},"content":{"rendered":"\n<p>Evlin Arag\u00f3n\/Zona Roja.<\/p>\n\n\n\n<p>Oaxaca de Ju\u00e1rez, Oax., 7 de agosto de\n2020.- Con \u201ctoma de camiones\u201d, bloqueo de vialidad y marcha, los estudiantes\ndel Centro Regional de Educaci\u00f3n Normal de Oaxaca (CRENO) reiniciaron este\nviernes sus movilizaciones, para reiterar al IEEPO su demanda de aprobaci\u00f3n del\nsemestre escolar.<\/p>\n\n\n\n<p>En tanto, Juan Guti\u00e9rrez Gonz\u00e1lez,\ndirector del CRENO, denuncio una campa\u00f1a sucia en su contra orquestada por\nCarlos Alberto Cuevas Cervantes, jefe de la Unidad de Educaci\u00f3n y Formaci\u00f3n de\nDocentes del Instituto Estatal de Educaci\u00f3n P\u00fablica.&nbsp; <\/p>\n\n\n\n<p>As\u00ed lo refiere en una carta dirigida a los gobiernos federal y estatal, al magisterio oaxaque\u00f1o, la comunidad normalista y a la opini\u00f3n p\u00fablica, en donde haciendo de su derecho de r\u00e9plica desmiente las declaraciones realizadas en su contra por parte del funcionario del Instituto Estatal de Educaci\u00f3n P\u00fablica de Oaxaca (IEEPO).\u00a0 <\/p>\n\n\n\n<figure class=\"wp-block-embed-twitter wp-block-embed is-type-rich is-provider-twitter\"><div class=\"wp-block-embed__wrapper\">\n<div class=\"twitter-tweet\"><blockquote class=\"twitter-tweet\" data-lang=\"es\"><p lang=\"es\" dir=\"ltr\"><a href=\"https:\/\/twitter.com\/hashtag\/%C3%9AltimoMinuto?src=hash&amp;ref_src=twsrc%5Etfw\">#\u00daltimoMinuto<\/a> <br>Tras \u201ctomar\u201d varios autobuses, los normalistas del CRENO se forman y bloquean la avenida San Felipe, al norte de la ciudad de <a href=\"https:\/\/twitter.com\/hashtag\/Oaxaca?src=hash&amp;ref_src=twsrc%5Etfw\">#Oaxaca<\/a>; se prev\u00e9 que realizan m\u00e1s bloqueos en el centro de la capital. <a href=\"https:\/\/t.co\/m0L7dYJgc9\">pic.twitter.com\/m0L7dYJgc9<\/a><\/p>&mdash; Zona Roja Oaxaca (@MexRoja) <a href=\"https:\/\/twitter.com\/MexRoja\/status\/1291720525702717440?ref_src=twsrc%5Etfw\">7 de agosto de 2020<\/a><\/blockquote><\/div>\n<\/div><\/figure>\n\n\n\n<p>El responsable del CRENO acus\u00f3 a Cuevas\nCervantes de actuar sin \u00e9tica y ausente de \u00e1nimo de servicio lo que ocasion\u00f3\ngrave lesiones a las y los estudiantes y personal de la instituci\u00f3n que con\njusta raz\u00f3n salieron a manifestarse de forma reciente. <\/p>\n\n\n\n<p>Y es que de acuerdo con la denuncia, el\nfuncionario del IEEPO expuso a todo el alumnado a perder el semestre par del\nciclo escolar 2019-2020, con una serie de oficios que dejaron ver su\ndesconocimiento de los planes de estudios y normatividad vigente en las\nescuelas normales, adem\u00e1s que olvid\u00f3 que dentro de sus funciones no est\u00e1 la\nvalidaci\u00f3n de los contenidos. <\/p>\n\n\n\n<p>\u201cDurante la pandemia, no aport\u00f3 equipos\ny\/o capacitaci\u00f3n a los docentes para el trabajo en l\u00ednea que la contingencia\nexigi\u00f3, ni gener\u00f3 condiciones por medio de las cuales pudi\u00e9semos construir\npropuestas de trabajos y en colaboraci\u00f3n con miras a favorecer siempre a los\neducandos\u201d, reclam\u00f3. <\/p>\n\n\n\n<p>En este sentido, cuestion\u00f3 que el funcionario haya intentado evocar la evaluaci\u00f3n \u201cpunitiva\u201d de la reforma educativa pe\u00f1ista que ya fue derogada, con el fin de desestabilizar a la instituci\u00f3n adem\u00e1s de desatar una campa\u00f1a de desprestigio en contra de quienes estudian y laboran al interior.\u00a0\u00a0<\/p>\n\n\n\n<figure class=\"wp-block-embed-twitter wp-block-embed is-type-rich is-provider-twitter\"><div class=\"wp-block-embed__wrapper\">\n<div class=\"twitter-tweet\"><blockquote class=\"twitter-tweet\" data-lang=\"es\"><p lang=\"es\" dir=\"ltr\"><a href=\"https:\/\/twitter.com\/hashtag\/%C3%9AltimoMinuto?src=hash&amp;ref_src=twsrc%5Etfw\">#\u00daltimoMinuto<\/a> <br>Tras apoderarse de varias unidades del transporte urbano, estudiantes normalistas del CRENO realizan una marcha de la fuente de las Ocho Regiones, al centro de la ciudad de Oaxaca. <a href=\"https:\/\/t.co\/P9sC3Kq8ej\">pic.twitter.com\/P9sC3Kq8ej<\/a><\/p>&mdash; Zona Roja Oaxaca (@MexRoja) <a href=\"https:\/\/twitter.com\/MexRoja\/status\/1291728205599125504?ref_src=twsrc%5Etfw\">7 de agosto de 2020<\/a><\/blockquote><\/div>\n<\/div><\/figure>\n\n\n\n<p>\u201cGrab\u00f3 y difundi\u00f3 un video difamando y\ndescalificando trabajos ya realizados, utilizando un guion que distribuy\u00f3 a\ntrav\u00e9s de la prensa y dem\u00e1s redes sociales en donde se\u00f1al\u00f3 sin prueba alguna,\nm\u00faltiples falsedades\u201d, indic\u00f3.&nbsp; <\/p>\n\n\n\n<p>Guti\u00e9rrez Gonz\u00e1lez se\u00f1alo que como\nresponsable de la actividad educativa del CRENO hizo entrega en tiempo y forma\nde la informaci\u00f3n solicitada por el \u00e1rea de Educaci\u00f3n y Formaci\u00f3n de Docentes\ndel IEEPO a excepci\u00f3n de un video de agradecimiento por el apoyo, toda vez que\nno existi\u00f3 ning\u00fan tipo de respaldo de la autoridad estatal. <\/p>\n\n\n\n<p>Lo anterior ocasion\u00f3 la molestia del\nfuncionario que con sus declaraciones, anul\u00f3 los esfuerzos acad\u00e9micos\nrealizados por mis compa\u00f1eros y compa\u00f1eras, as\u00ed como del alumnado quienes\nrealizaron y entregaron sus trabajos a trav\u00e9s de correo electr\u00f3nico y WhatsApp,\nsituaci\u00f3n que les llev\u00f3 a inconformarse recientemente por el temor de que no\nfueran reconocidos sus estudios. <\/p>\n","protected":false},"excerpt":{"rendered":"<p>Evlin Arag\u00f3n\/Zona Roja. Oaxaca de Ju\u00e1rez, Oax., 7 de agosto de 2020.- Con \u201ctoma de&hellip;<\/p>\n","protected":false},"author":2,"featured_media":15972,"comment_status":"closed","ping_status":"open","sticky":false,"template":"","format":"standard","meta":{"_lmt_disableupdate":"","_lmt_disable":"","_jetpack_memberships_contains_paid_content":false,"footnotes":""},"categories":[109,47],"tags":[1862],"class_list":["post-15971","post","type-post","status-publish","format-standard","has-post-thumbnail","hentry","category-minuto-a-minuto","category-zona-gris","tag-centro-regional-de-educacion-normal-de-oaxaca-creno"],"jetpack_featured_media_url":"https:\/\/zonaroja.com.mx\/wp-content\/uploads\/2020\/08\/Estudiantes-CRENO.jpg","jetpack_sharing_enabled":true,"_links":{"self":[{"href":"https:\/\/zonaroja.com.mx\/index.php?rest_route=\/wp\/v2\/posts\/15971","targetHints":{"allow":["GET"]}}],"collection":[{"href":"https:\/\/zonaroja.com.mx\/index.php?rest_route=\/wp\/v2\/posts"}],"about":[{"href":"https:\/\/zonaroja.com.mx\/index.php?rest_route=\/wp\/v2\/types\/post"}],"author":[{"embeddable":true,"href":"https:\/\/zonaroja.com.mx\/index.php?rest_route=\/wp\/v2\/users\/2"}],"replies":[{"embeddable":true,"href":"https:\/\/zonaroja.com.mx\/index.php?rest_route=%2Fwp%2Fv2%2Fcomments&post=15971"}],"version-history":[{"count":1,"href":"https:\/\/zonaroja.com.mx\/index.php?rest_route=\/wp\/v2\/posts\/15971\/revisions"}],"predecessor-version":[{"id":15973,"href":"https:\/\/zonaroja.com.mx\/index.php?rest_route=\/wp\/v2\/posts\/15971\/revisions\/15973"}],"wp:featuredmedia":[{"embeddable":true,"href":"https:\/\/zonaroja.com.mx\/index.php?rest_route=\/wp\/v2\/media\/15972"}],"wp:attachment":[{"href":"https:\/\/zonaroja.com.mx\/index.php?rest_route=%2Fwp%2Fv2%2Fmedia&parent=15971"}],"wp:term":[{"taxonomy":"category","embeddable":true,"href":"https:\/\/zonaroja.com.mx\/index.php?rest_route=%2Fwp%2Fv2%2Fcategories&post=15971"},{"taxonomy":"post_tag","embeddable":true,"href":"https:\/\/zonaroja.com.mx\/index.php?rest_route=%2Fwp%2Fv2%2Ftags&post=15971"}],"curies":[{"name":"wp","href":"https:\/\/api.w.org\/{rel}","templated":true}]}}