{"id":15977,"date":"2020-08-07T09:20:51","date_gmt":"2020-08-07T14:20:51","guid":{"rendered":"http:\/\/www.zonaroja.com.mx\/?p=15977"},"modified":"2020-08-07T09:20:55","modified_gmt":"2020-08-07T14:20:55","slug":"piden-comunidades-zapotecas-cumplimiento-de-acuerdos-por-parte-de-la-conagua","status":"publish","type":"post","link":"https:\/\/zonaroja.com.mx\/?p=15977","title":{"rendered":"Piden comunidades zapotecas cumplimiento de acuerdos por parte de la Conagua"},"content":{"rendered":"\n<p>Evlin Arag\u00f3n\/Zona Roja.<\/p>\n\n\n\n<p>Oaxaca de Ju\u00e1rez, Oax., 7 de agosto de\n2020.- Integrantes de la Coordinadora de Pueblos Unidos por el Cuidado y\nDefensa del Agua (Copuda), exigieron a las autoridades federales, de forma\nparticular a la Comisi\u00f3n Nacional del Agua, para que resuelva la solicitud de\nun nuevo decreto en la zona que permita garantizar el derecho humano al agua. <\/p>\n\n\n\n<p>Integrantes de la asociaci\u00f3n civil \u201cFlor\ny Canto\u201d, explicaron que el pasado 12 de octubre del 2019, las 16 comunidades\nque integran la Copuda firmaron un acuerdo con la instancia federal y el Estado\nmexicano quienes reconocieron la administraci\u00f3n comunitaria del agua y el\nleg\u00edtimo derecho de las comunidades a decidir y cuidar las aguas en su\nterritorio.&nbsp; <\/p>\n\n\n\n<p>Sin embargo, a diez meses de la firma\nque se publicit\u00f3 en los medios de comunicaci\u00f3n no se han hecho efectivos lo\ncompromisos, ello en perjuicio de las comunidades y sus respectivas\npoblaciones. \u201cA casi un a\u00f1o de la firma la Conagua y el Estado mexicano no\nmuestran voluntad pol\u00edtica para cumplir con lo pactado\u201d, refieren en el\nmaterial audiovisual que dieron a conocer.&nbsp;\n<\/p>\n\n\n\n<p>Esta falta de atenci\u00f3n puntual por\nparte de la Conagua ha servido a las comunidades para reconocer que la Ley de\nAguas vigente violenta sus derechos colectivos y es aprovechada para aplicar\nmedidas discriminatorias, permitiendo el saqueo del recurso h\u00eddrico y negando a\nlas comunidades su leg\u00edtimo derecho sobre el vital l\u00edquido.&nbsp; <\/p>\n\n\n\n<p>Por lo anterior insistieron en la\nexigencia que desde hace a\u00f1os realizan sobre contar con una nueva Ley General\nde Agua que garantice el derecho humano y reconozca a las comunidades su\nderecho a participar en la administraci\u00f3n del vital l\u00edquido.&nbsp; <\/p>\n\n\n\n<p>Recordaron que desde el a\u00f1o 2005, las\n16 comunidades zapotecas de la regi\u00f3n de Valles Centrales han emprendido\nacciones para revertir la sequ\u00eda que azot\u00f3 la regi\u00f3n y dej\u00f3 sin agua a la\npoblaci\u00f3n, adem\u00e1s de enfrentarse al abandono gubernamental ya que la Conagua\nnunca atendi\u00f3 la problem\u00e1tica en tiempo y forma.&nbsp; <\/p>\n\n\n\n<p>Por el contrario, la poblaci\u00f3n ind\u00edgena\nse enfrent\u00f3 a pol\u00edticas p\u00fablicas discriminatorias que agravaron los efectos de\nlos escases de agua y limit\u00f3 sus derechos territoriales sobre el recurso h\u00eddrico,\nraz\u00f3n que les obligo a impulsar acciones legales para defenderse.&nbsp; <\/p>\n\n\n\n<p>\u201cLas 16 comunidades formaron la Copude,\nrealizaron obras para recuperar el acu\u00edfero y emprendieron acciones legales\npara que se les reconocieran sus derechos y se les consultara logrando una\nresoluci\u00f3n favorable\u201d, explicaron.&nbsp; <\/p>\n\n\n\n<p>Lo anterior dio consigo el proceso de\nconsulta que se vio obligado a realizar la Conagua, y que despu\u00e9s de cinco a\u00f1os\nde insistencia termin\u00f3 en la firma de acuerdos que desde hace 10 meses\npermanecen en el olvido en perjuicio de cientos de familias oaxaque\u00f1as, por lo\nque exigen el cumplimiento inmediato de los mismos.&nbsp; <\/p>\n","protected":false},"excerpt":{"rendered":"<p>Evlin Arag\u00f3n\/Zona Roja. Oaxaca de Ju\u00e1rez, Oax., 7 de agosto de 2020.- Integrantes de la&hellip;<\/p>\n","protected":false},"author":2,"featured_media":15978,"comment_status":"closed","ping_status":"open","sticky":false,"template":"","format":"standard","meta":{"_lmt_disableupdate":"","_lmt_disable":"","_jetpack_memberships_contains_paid_content":false,"footnotes":""},"categories":[109,47],"tags":[1896],"class_list":["post-15977","post","type-post","status-publish","format-standard","has-post-thumbnail","hentry","category-minuto-a-minuto","category-zona-gris","tag-coordinadora-de-pueblos-unidos-por-el-cuidado-y-defensa-del-agua-copuda"],"jetpack_featured_media_url":"https:\/\/zonaroja.com.mx\/wp-content\/uploads\/2020\/08\/Copuda-agua.png","jetpack_sharing_enabled":true,"_links":{"self":[{"href":"https:\/\/zonaroja.com.mx\/index.php?rest_route=\/wp\/v2\/posts\/15977","targetHints":{"allow":["GET"]}}],"collection":[{"href":"https:\/\/zonaroja.com.mx\/index.php?rest_route=\/wp\/v2\/posts"}],"about":[{"href":"https:\/\/zonaroja.com.mx\/index.php?rest_route=\/wp\/v2\/types\/post"}],"author":[{"embeddable":true,"href":"https:\/\/zonaroja.com.mx\/index.php?rest_route=\/wp\/v2\/users\/2"}],"replies":[{"embeddable":true,"href":"https:\/\/zonaroja.com.mx\/index.php?rest_route=%2Fwp%2Fv2%2Fcomments&post=15977"}],"version-history":[{"count":1,"href":"https:\/\/zonaroja.com.mx\/index.php?rest_route=\/wp\/v2\/posts\/15977\/revisions"}],"predecessor-version":[{"id":15979,"href":"https:\/\/zonaroja.com.mx\/index.php?rest_route=\/wp\/v2\/posts\/15977\/revisions\/15979"}],"wp:featuredmedia":[{"embeddable":true,"href":"https:\/\/zonaroja.com.mx\/index.php?rest_route=\/wp\/v2\/media\/15978"}],"wp:attachment":[{"href":"https:\/\/zonaroja.com.mx\/index.php?rest_route=%2Fwp%2Fv2%2Fmedia&parent=15977"}],"wp:term":[{"taxonomy":"category","embeddable":true,"href":"https:\/\/zonaroja.com.mx\/index.php?rest_route=%2Fwp%2Fv2%2Fcategories&post=15977"},{"taxonomy":"post_tag","embeddable":true,"href":"https:\/\/zonaroja.com.mx\/index.php?rest_route=%2Fwp%2Fv2%2Ftags&post=15977"}],"curies":[{"name":"wp","href":"https:\/\/api.w.org\/{rel}","templated":true}]}}