{"id":1598,"date":"2019-06-11T21:58:49","date_gmt":"2019-06-12T02:58:49","guid":{"rendered":"http:\/\/www.zonaroja.com.mx\/?p=1598"},"modified":"2019-06-11T21:58:50","modified_gmt":"2019-06-12T02:58:50","slug":"hasta-diputada-infantil-exige-justicia-y-alto-a-feminicidios-en-oaxaca","status":"publish","type":"post","link":"https:\/\/zonaroja.com.mx\/?p=1598","title":{"rendered":"Hasta diputada infantil exige justicia y alto a feminicidios en Oaxaca"},"content":{"rendered":"\n<figure class=\"wp-block-image\"><img decoding=\"async\" width=\"1024\" height=\"796\" src=\"http:\/\/www.zonaroja.com.mx\/wp-content\/uploads\/2019\/06\/Ver\u00f3nica-Ramos-1024x796.jpg\" alt=\"\" class=\"wp-image-1599\" srcset=\"https:\/\/zonaroja.com.mx\/wp-content\/uploads\/2019\/06\/Ver\u00f3nica-Ramos-1024x796.jpg 1024w, https:\/\/zonaroja.com.mx\/wp-content\/uploads\/2019\/06\/Ver\u00f3nica-Ramos-300x233.jpg 300w, https:\/\/zonaroja.com.mx\/wp-content\/uploads\/2019\/06\/Ver\u00f3nica-Ramos-768x597.jpg 768w, https:\/\/zonaroja.com.mx\/wp-content\/uploads\/2019\/06\/Ver\u00f3nica-Ramos-1170x909.jpg 1170w, https:\/\/zonaroja.com.mx\/wp-content\/uploads\/2019\/06\/Ver\u00f3nica-Ramos-585x455.jpg 585w, https:\/\/zonaroja.com.mx\/wp-content\/uploads\/2019\/06\/Ver\u00f3nica-Ramos.jpg 1280w\" sizes=\"(max-width: 1024px) 100vw, 1024px\" \/><figcaption>Foto: Especial<\/figcaption><\/figure>\n\n\n\n<p>Redacci\u00f3n<\/p>\n\n\n\n<p>Oaxaca de Ju\u00e1rez,\nOax., a 11 de junio de 2019.- \u201cSon criminales los que mataron a mam\u00e1 y los que\nhasta hoy, cinco a\u00f1os despu\u00e9s, esconden la cara para otorgarnos justicia\u201d.&nbsp; <\/p>\n\n\n\n<p>Esa fue\nparte de las expresiones de la diputada infantil, Ver\u00f3nica Ramos Garc\u00eda, en la\ntribuna de la 64 Legislatura.<\/p>\n\n\n\n<p>Este lunes\nse llev\u00f3 a cabo la sesi\u00f3n de los integrantes del parlamento infantil, en que la\npeque\u00f1a legisladora por el distrito 15, con cabecera en Santa Cruz Xoxocotl\u00e1n,\nhizo uso de la palabra.<\/p>\n\n\n\n<p>\u201cMi mam\u00e1 fue\nasesinada en el 2014 y hasta el d\u00eda de hoy esperamos justicia y sentencia al\n\u00fanico detenido; son criminales los que mataron a mam\u00e1 y los que hasta hoy,\ncinco a\u00f1os despu\u00e9s, esconden la cara para otorgarnos justicia\u201d, denunci\u00f3.<\/p>\n\n\n\n<p>De acuerdo\ncon la organizaci\u00f3n Consorcio para el Di\u00e1logo Parlamentario, en dos a\u00f1os y\nmedio del sexenio del gobernador Alejandro Murat Hinojosa, han asesinado de\nmanera violenta a 304 mujeres y la mayor\u00eda de los casos permanece en impunidad.<\/p>\n\n\n\n<p>No hay\ntampoco, por parte de ninguna instancia, el n\u00famero de hu\u00e9rfanos a causa de\nfeminicidio.<\/p>\n\n\n\n<p>Por ello,\nVer\u00f3nica Ramos Garc\u00eda acus\u00f3:<\/p>\n\n\n\n<p>\u201cA los ni\u00f1os\ny ni\u00f1as hu\u00e9rfanas de feminicidio en Oaxaca el Estado nos falla m\u00e1s de una vez;\nlo hizo cuando no supo garantizar la seguridad de mam\u00e1 y lo vuelve hacer con su\nincompetencia para garantizarles justicia\u201d.<\/p>\n\n\n\n<p>Su madre, Rosal\u00eda\nGarc\u00eda Garc\u00eda, fue asesinada el 10 de julio del 2014 en Santa Cruz Xoxocotl\u00e1n &#8211;en\nel sexenio de Gabino Cu\u00e9 Monteagudo&#8211;, crimen que hasta la fecha permanece en\nla impunidad dado que solo fue detenido uno de los dos implicados en el delito.<\/p>\n\n\n\n<p>Por ello, la\nlegisladora infantil pidi\u00f3 a las instancias de procuraci\u00f3n e impartici\u00f3n de justicia\n(Fiscal\u00eda General del Estado y Tribunal Superior de Justicia) terminar con la\nimpunidad en la que permanecen&nbsp; las\nmuertes de mujeres en Oaxaca, tal como lo corrobora el caso de su madre,\nasesinada hace cinco a\u00f1os.<\/p>\n\n\n\n<p>La ni\u00f1a de nueve\na\u00f1os de edad, solicit\u00f3 al titular Ejecutivo estatal, al titular de la Fiscal\u00eda\nGeneral del Estado y a la Secretar\u00eda de la Mujer Oaxaque\u00f1a hacer p\u00fablico las\ncifras de las y los ni\u00f1os que en Oaxaca se han quedado hu\u00e9rfanos a causa del\nfeminicidio de su mam\u00e1.<\/p>\n","protected":false},"excerpt":{"rendered":"<p>Redacci\u00f3n Oaxaca de Ju\u00e1rez, Oax., a 11 de junio de 2019.- \u201cSon criminales los que&hellip;<\/p>\n","protected":false},"author":2,"featured_media":0,"comment_status":"closed","ping_status":"open","sticky":false,"template":"","format":"standard","meta":{"_lmt_disableupdate":"","_lmt_disable":"","_jetpack_memberships_contains_paid_content":false,"footnotes":""},"categories":[51],"tags":[96,97,58],"class_list":["post-1598","post","type-post","status-publish","format-standard","hentry","category-zona-roja","tag-diputada-infantil","tag-feminicidios","tag-oaxaca"],"jetpack_featured_media_url":"","jetpack_sharing_enabled":true,"_links":{"self":[{"href":"https:\/\/zonaroja.com.mx\/index.php?rest_route=\/wp\/v2\/posts\/1598","targetHints":{"allow":["GET"]}}],"collection":[{"href":"https:\/\/zonaroja.com.mx\/index.php?rest_route=\/wp\/v2\/posts"}],"about":[{"href":"https:\/\/zonaroja.com.mx\/index.php?rest_route=\/wp\/v2\/types\/post"}],"author":[{"embeddable":true,"href":"https:\/\/zonaroja.com.mx\/index.php?rest_route=\/wp\/v2\/users\/2"}],"replies":[{"embeddable":true,"href":"https:\/\/zonaroja.com.mx\/index.php?rest_route=%2Fwp%2Fv2%2Fcomments&post=1598"}],"version-history":[{"count":1,"href":"https:\/\/zonaroja.com.mx\/index.php?rest_route=\/wp\/v2\/posts\/1598\/revisions"}],"predecessor-version":[{"id":1600,"href":"https:\/\/zonaroja.com.mx\/index.php?rest_route=\/wp\/v2\/posts\/1598\/revisions\/1600"}],"wp:attachment":[{"href":"https:\/\/zonaroja.com.mx\/index.php?rest_route=%2Fwp%2Fv2%2Fmedia&parent=1598"}],"wp:term":[{"taxonomy":"category","embeddable":true,"href":"https:\/\/zonaroja.com.mx\/index.php?rest_route=%2Fwp%2Fv2%2Fcategories&post=1598"},{"taxonomy":"post_tag","embeddable":true,"href":"https:\/\/zonaroja.com.mx\/index.php?rest_route=%2Fwp%2Fv2%2Ftags&post=1598"}],"curies":[{"name":"wp","href":"https:\/\/api.w.org\/{rel}","templated":true}]}}