{"id":15980,"date":"2020-08-07T14:29:02","date_gmt":"2020-08-07T19:29:02","guid":{"rendered":"http:\/\/www.zonaroja.com.mx\/?p=15980"},"modified":"2020-08-07T14:29:06","modified_gmt":"2020-08-07T19:29:06","slug":"trece-anos-despues-detienen-a-ex-procurador-de-oaxaca-por-desaparicion-forzada-de-eperristas","status":"publish","type":"post","link":"https:\/\/zonaroja.com.mx\/?p=15980","title":{"rendered":"Trece a\u00f1os despu\u00e9s, detienen a ex procurador de Oaxaca por desaparici\u00f3n forzada de eperristas"},"content":{"rendered":"\n<p>Redacci\u00f3n\/ Zona Roja Oaxaca<\/p>\n\n\n\n<p>Oaxaca de Ju\u00e1rez, Oax., 7 de agosto de 2020.- Autoridades ministeriales federales confirmaron la detenci\u00f3n del ex procurador de Justicia de Oaxaca, Evencio Nicol\u00e1s M. R., por su probable participaci\u00f3n en la desaparici\u00f3n forzada de dos integrantes del Ej\u00e9rcito Popular Revolucionario (EPR), en mayo de 2007.<\/p>\n\n\n\n<p>Tras la informaci\u00f3n de una orden de aprehensi\u00f3n liberada este jueves por la intervenci\u00f3n de la Suprema Corte de Justicia de la Naci\u00f3n en el caso, durante la ma\u00f1ana de este viernes se dio a conocer la detenci\u00f3n de quien fuera funcionario en el sexenio de Ulises Ruiz Ortiz, cuando se registr\u00f3 la desaparici\u00f3n de Edmundo Reyes Amaya y Gabriel Alberto Cruz S\u00e1nchez.<\/p>\n\n\n\n<p>Por este delito, tambi\u00e9n se inform\u00f3 sobre la detenci\u00f3n de seis elementos de la Fiscal\u00eda General del Estado de Oaxaca, entre ellos dos comandantes y cuatro elementos de la Fuerza Especial de Reacci\u00f3n Inmediata (FERI), de esa misma dependencia a cargo de Rub\u00e9n Vasconcelos.<\/p>\n\n\n\n<p>De acuerdo con el juicio de amparo\n942\/2013-2, el 24 de mayo de 2007, cerca de las 11:30 horas, elementos del\nEj\u00e9rcito Mexicano, adscritos a la VIII Regi\u00f3n en Ixcotel, Oaxaca, y de la\nentonces Polic\u00eda Ministerial (Fiscal\u00eda General de Oaxaca), as\u00ed como de la\nDirecci\u00f3n de Seguridad P\u00fablica del municipio de Oaxaca de Ju\u00e1rez, Oaxaca,\nrealizaron un operativo conjunto en el hotel \u201cDel \u00c1rbol\u201d ubicado en la calzada\nFrancisco I. Madero en la capital del estado, donde se encontraban hospedadas\nlas v\u00edctimas.<\/p>\n\n\n\n<p>En el operativo policial, seg\u00fan los\ntestimonios, fueron detenidos Edmundo Reyes Amaya y Gabriel Alberto Cruz\nS\u00e1nchez, para despu\u00e9s ser conducidos a las instalaciones de la entonces\nProcuradur\u00eda General de Justicia de Oaxaca, y despu\u00e9s ser trasladados al Campo\nMilitar n\u00famero Uno por miembros del Ej\u00e9rcito Mexicano. Desde ese entonces no se\nvolvi\u00f3 a saber sobre el paradero de ambos.<\/p>\n\n\n\n<p>Durante la operaci\u00f3n policial de este\njueves, implementado por la Guardia Nacional y de la Fiscal\u00eda General de la\nRep\u00fablica (FGR), se detuvo a Daniel C. ex director de la entonces Polic\u00eda\nMinisterial; los comandantes, Abel M., comisionado en la Mixteca; Juan J., del\ngrupo de Alto Impacto de Valles Centrales y la Ca\u00f1ada.<\/p>\n\n\n\n<p>Tambi\u00e9n el jefe de grupo Francisco P.,\ny los agentes Samuel L., D\u00e1maso S y Ernesto H., quienes quedaron en poder de la\nFiscal\u00eda General de la Rep\u00fablica y posteriormente se espera sus traslados al\npenal de Puente Grande, en Jalisco.<\/p>\n","protected":false},"excerpt":{"rendered":"<p>Redacci\u00f3n\/ Zona Roja Oaxaca Oaxaca de Ju\u00e1rez, Oax., 7 de agosto de 2020.- Autoridades ministeriales&hellip;<\/p>\n","protected":false},"author":2,"featured_media":15981,"comment_status":"closed","ping_status":"open","sticky":false,"template":"","format":"standard","meta":{"_lmt_disableupdate":"","_lmt_disable":"","_jetpack_memberships_contains_paid_content":false,"footnotes":""},"categories":[109,47],"tags":[1895],"class_list":["post-15980","post","type-post","status-publish","format-standard","has-post-thumbnail","hentry","category-minuto-a-minuto","category-zona-gris","tag-evencio-nicolas-martinez-ramirez"],"jetpack_featured_media_url":"https:\/\/zonaroja.com.mx\/wp-content\/uploads\/2020\/08\/Evencio-Nicol\u00e1s-Mart\u00ednez-1.jpg","jetpack_sharing_enabled":true,"_links":{"self":[{"href":"https:\/\/zonaroja.com.mx\/index.php?rest_route=\/wp\/v2\/posts\/15980","targetHints":{"allow":["GET"]}}],"collection":[{"href":"https:\/\/zonaroja.com.mx\/index.php?rest_route=\/wp\/v2\/posts"}],"about":[{"href":"https:\/\/zonaroja.com.mx\/index.php?rest_route=\/wp\/v2\/types\/post"}],"author":[{"embeddable":true,"href":"https:\/\/zonaroja.com.mx\/index.php?rest_route=\/wp\/v2\/users\/2"}],"replies":[{"embeddable":true,"href":"https:\/\/zonaroja.com.mx\/index.php?rest_route=%2Fwp%2Fv2%2Fcomments&post=15980"}],"version-history":[{"count":1,"href":"https:\/\/zonaroja.com.mx\/index.php?rest_route=\/wp\/v2\/posts\/15980\/revisions"}],"predecessor-version":[{"id":15982,"href":"https:\/\/zonaroja.com.mx\/index.php?rest_route=\/wp\/v2\/posts\/15980\/revisions\/15982"}],"wp:featuredmedia":[{"embeddable":true,"href":"https:\/\/zonaroja.com.mx\/index.php?rest_route=\/wp\/v2\/media\/15981"}],"wp:attachment":[{"href":"https:\/\/zonaroja.com.mx\/index.php?rest_route=%2Fwp%2Fv2%2Fmedia&parent=15980"}],"wp:term":[{"taxonomy":"category","embeddable":true,"href":"https:\/\/zonaroja.com.mx\/index.php?rest_route=%2Fwp%2Fv2%2Fcategories&post=15980"},{"taxonomy":"post_tag","embeddable":true,"href":"https:\/\/zonaroja.com.mx\/index.php?rest_route=%2Fwp%2Fv2%2Ftags&post=15980"}],"curies":[{"name":"wp","href":"https:\/\/api.w.org\/{rel}","templated":true}]}}