{"id":15984,"date":"2020-08-07T15:40:37","date_gmt":"2020-08-07T20:40:37","guid":{"rendered":"http:\/\/www.zonaroja.com.mx\/?p=15984"},"modified":"2020-08-07T15:40:40","modified_gmt":"2020-08-07T20:40:40","slug":"locatarios-del-mercado-20-de-noviembre-rechazan-instalacion-de-nuevo-centro-gastronomico","status":"publish","type":"post","link":"https:\/\/zonaroja.com.mx\/?p=15984","title":{"rendered":"Locatarios del mercado \u201c20 de Noviembre\u201d rechazan instalaci\u00f3n de nuevo Centro Gastron\u00f3mico"},"content":{"rendered":"\n<p>Yuridiana Sosa\/Zona Roja.<\/p>\n\n\n\n<p>Oaxaca de Ju\u00e1rez, Oax., 7 de agosto de\n2020.- Comerciantes del mercado \u201c20 de Noviembre\u201d en la capital de Oaxaca se manifestaron\ncontra la construcci\u00f3n y el proyecto de un centro gastron\u00f3mico en el Centro\nHist\u00f3rico, cuando existen una serie de necesidades sin solventar en los\nespacios populares.<\/p>\n\n\n\n<p>Los inconformes, integrantes de la\nCoordinadora de Comerciantes Artesanos y Locatarios de los Mercados del Estado\nde Oaxaca (CCALMEO), exigieron al gobernador Alejandro Murat Hinojosa primero\ninvertir en rehabilitar y reactivar los mercados de la capital.<\/p>\n\n\n\n<p>De acuerdo con informaci\u00f3n de los\ntrabajadores del Registro Civil, con sede en el antiguo edificio hist\u00f3rico en\nel ex convento del Carmen Alto, el Gobierno del Estado los quiere desalojar\npara instalar un centro gastron\u00f3mico en ese espacio.<\/p>\n\n\n\n<p>Este viernes, en conferencia de prensa,\nlos locatarios del mercado \u201c20 de Noviembre\u201d &#8211;dedicado a la venta de comida\ntradicional&#8211; expresaron su inconformidad a un nuevo proyecto, en medio de una\ncrisis econ\u00f3mica por la contingencia de Covid-19 para los peque\u00f1os comerciantes\ny artesanos, quienes tampoco han recibido atenci\u00f3n gubernamental.<\/p>\n\n\n\n<p>Expusieron que desde el sismo del 23 de\njunio pasado, tres puertas del mercado fueron afectadas y hasta el momento no\nse ha atendido esta necesidad, por mencionar un ejemplo de las omisiones del\ngobierno estatal con los locatarios.<\/p>\n\n\n\n<p>Por ese motivo demandaron que antes de\nuna inversi\u00f3n millonaria en un nuevo mercado, el dinero se aplique en los existentes\nen la capital, que tras la contingencia necesitar\u00e1n de promoci\u00f3n, reactivaci\u00f3n,\necon\u00f3mica y rehabilitaciones como en el caso de la central de abasto.<\/p>\n\n\n\n<p>Respaldaron adem\u00e1s que el personal de la\nDirecci\u00f3n del Registro Civil no sea desalojado del edificio donde pretenden\nconstruir el Centro Gastron\u00f3mico.<\/p>\n","protected":false},"excerpt":{"rendered":"<p>Yuridiana Sosa\/Zona Roja. Oaxaca de Ju\u00e1rez, Oax., 7 de agosto de 2020.- Comerciantes del mercado&hellip;<\/p>\n","protected":false},"author":2,"featured_media":15985,"comment_status":"closed","ping_status":"open","sticky":false,"template":"","format":"standard","meta":{"_lmt_disableupdate":"","_lmt_disable":"","_jetpack_memberships_contains_paid_content":false,"footnotes":""},"categories":[109,47],"tags":[1897,1898],"class_list":["post-15984","post","type-post","status-publish","format-standard","has-post-thumbnail","hentry","category-minuto-a-minuto","category-zona-gris","tag-centro-gastronomico-de-oaxaca","tag-locararios-mercado-20-de-noviembre"],"jetpack_featured_media_url":"https:\/\/zonaroja.com.mx\/wp-content\/uploads\/2020\/08\/locatarios-20-de-Noviembre.jpg","jetpack_sharing_enabled":true,"_links":{"self":[{"href":"https:\/\/zonaroja.com.mx\/index.php?rest_route=\/wp\/v2\/posts\/15984","targetHints":{"allow":["GET"]}}],"collection":[{"href":"https:\/\/zonaroja.com.mx\/index.php?rest_route=\/wp\/v2\/posts"}],"about":[{"href":"https:\/\/zonaroja.com.mx\/index.php?rest_route=\/wp\/v2\/types\/post"}],"author":[{"embeddable":true,"href":"https:\/\/zonaroja.com.mx\/index.php?rest_route=\/wp\/v2\/users\/2"}],"replies":[{"embeddable":true,"href":"https:\/\/zonaroja.com.mx\/index.php?rest_route=%2Fwp%2Fv2%2Fcomments&post=15984"}],"version-history":[{"count":1,"href":"https:\/\/zonaroja.com.mx\/index.php?rest_route=\/wp\/v2\/posts\/15984\/revisions"}],"predecessor-version":[{"id":15986,"href":"https:\/\/zonaroja.com.mx\/index.php?rest_route=\/wp\/v2\/posts\/15984\/revisions\/15986"}],"wp:featuredmedia":[{"embeddable":true,"href":"https:\/\/zonaroja.com.mx\/index.php?rest_route=\/wp\/v2\/media\/15985"}],"wp:attachment":[{"href":"https:\/\/zonaroja.com.mx\/index.php?rest_route=%2Fwp%2Fv2%2Fmedia&parent=15984"}],"wp:term":[{"taxonomy":"category","embeddable":true,"href":"https:\/\/zonaroja.com.mx\/index.php?rest_route=%2Fwp%2Fv2%2Fcategories&post=15984"},{"taxonomy":"post_tag","embeddable":true,"href":"https:\/\/zonaroja.com.mx\/index.php?rest_route=%2Fwp%2Fv2%2Ftags&post=15984"}],"curies":[{"name":"wp","href":"https:\/\/api.w.org\/{rel}","templated":true}]}}