{"id":15987,"date":"2020-08-07T15:55:42","date_gmt":"2020-08-07T20:55:42","guid":{"rendered":"http:\/\/www.zonaroja.com.mx\/?p=15987"},"modified":"2020-08-07T15:55:47","modified_gmt":"2020-08-07T20:55:47","slug":"reconoce-ddhpo-avances-en-reivindicacion-del-derecho-humano-a-la-alimentacion","status":"publish","type":"post","link":"https:\/\/zonaroja.com.mx\/?p=15987","title":{"rendered":"Reconoce DDHPO avances en reivindicaci\u00f3n del derecho humano a la alimentaci\u00f3n"},"content":{"rendered":"\n<p>Redacci\u00f3n\/Zona Roja.<\/p>\n\n\n\n<p>Oaxaca de Ju\u00e1rez, Oax., 7 de agosto de\n2020.- La reforma al art\u00edculo 20 Bis de los Derechos de Ni\u00f1as, Ni\u00f1os y\nAdolescentes del Estado de Oaxaca, aprobada por la LXIV Legislatura, mediante\nla cual se proh\u00edbe la venta, regalo, distribuci\u00f3n o promoci\u00f3n de productos no\nsaludables a menores de edad, representa una reivindicaci\u00f3n del derecho humano\na la alimentaci\u00f3n.<\/p>\n\n\n\n<p>As\u00ed lo afirm\u00f3 en un comunicado de\nprensa el ombudsperson, Bernardo Rodr\u00edguez Alamilla, quien reconoci\u00f3 la labor\nefectuada por los diputados oaxaque\u00f1os, ya que la modificaci\u00f3n a la citada ley\npugna por una alimentaci\u00f3n digna para ni\u00f1as, ni\u00f1os y adolescentes, anteponiendo\nel inter\u00e9s superior de la infancia.<\/p>\n\n\n\n<p>El defensor reiter\u00f3 que, durante\nd\u00e9cadas en M\u00e9xico, el excesivo consumo de productos con altos contenidos\ncal\u00f3ricos como los refrescos y productos no saludables, ha generado graves\nproblemas de salud p\u00fablica y de enfermedades como la diabetes, hipertensi\u00f3n y\nobesidad.<\/p>\n\n\n\n<p>Ante ello, afirm\u00f3, la pandemia por\nCovid-19 ha hecho evidente que es indispensable generar nuevos h\u00e1bitos\nalimenticios que nos permitan tener una vida m\u00e1s saludable, sustentable y\ndigna.<\/p>\n\n\n\n<p>Record\u00f3 que el derecho humano a la\nalimentaci\u00f3n adecuada es interdependiente de otros derechos como el de la\nsalud, la educaci\u00f3n y la vida. <\/p>\n\n\n\n<p>De acuerdo con el comunicado, Rodr\u00edguez\nAlamilla resalt\u00f3 que la reforma efectuada por el Congreso de Oaxaca es un\nprimer paso, pero la ley debe acompa\u00f1arse de aspectos educativos, lo que\npermitir\u00e1 generar mejores h\u00e1bitos alimenticios.<\/p>\n\n\n\n<p>Aunado a ello, resalt\u00f3 que las ni\u00f1as,\nni\u00f1os y adolescentes como sujetos de derechos deben ser escuchados sobre sus\npropias problem\u00e1ticas y planteamientos de soluci\u00f3n en la creaci\u00f3n de pol\u00edticas\np\u00fablicas, para diversificar los enfoques y no solo el adultocentrista.<\/p>\n\n\n\n<p>El defensor de los Derechos Humanos de\nOaxaca, reconoci\u00f3 que la coyuntura hist\u00f3rica de la pandemia si bien representa\nretos importantes en materia de salud, educaci\u00f3n, derechos humanos, econom\u00eda,\ntrabajo, entre otros, tambi\u00e9n brinda una oportunidad a la humanidad de\nconstruir una sociedad m\u00e1s justa, solidaria y sustentable.<\/p>\n\n\n\n<p>El actual momento es crucial para\nreplantearnos las maneras en c\u00f3mo nos alimentamos no s\u00f3lo en el plano\nindividual sino tambi\u00e9n en el colectivo, porque la obesidad es un problema de\nsalud p\u00fablica en este pa\u00eds y consecuentemente tenemos la obligaci\u00f3n de\natenderlo de manera inmediata, dijo.<\/p>\n\n\n\n<p>\u201cLas decisiones que los Estados adopten\npara hacer frente a la pandemia determinar\u00e1n c\u00f3mo ser\u00e1 el mundo en el futuro\ninmediato, por ello es fundamental poner a los derechos humanos en el centro de\ncada una de esas decisiones y el derecho humano a la alimentaci\u00f3n requiere\nconstruir esa nueva realidad.&nbsp; As\u00ed de\ngrande es el desaf\u00edo, as\u00ed de grande tiene que ser la respuesta\u201d, apunt\u00f3.<\/p>\n\n\n\n<p>Finalmente, record\u00f3 la existencia de\ninstrumentos internacionales que se\u00f1alan que las empresas deben respetar los\nderechos humanos de terceros y hacer frente a las consecuencias negativas sobre\nlos derechos humanos en las que tengan alguna participaci\u00f3n, entre ellos, los\n\u201cPrincipios Rectores sobre las empresas y los Derechos Humanos\u201d.<\/p>\n","protected":false},"excerpt":{"rendered":"<p>Redacci\u00f3n\/Zona Roja. Oaxaca de Ju\u00e1rez, Oax., 7 de agosto de 2020.- La reforma al art\u00edculo&hellip;<\/p>\n","protected":false},"author":2,"featured_media":15988,"comment_status":"closed","ping_status":"open","sticky":false,"template":"","format":"standard","meta":{"_lmt_disableupdate":"","_lmt_disable":"","_jetpack_memberships_contains_paid_content":false,"footnotes":""},"categories":[109,47],"tags":[286],"class_list":["post-15987","post","type-post","status-publish","format-standard","has-post-thumbnail","hentry","category-minuto-a-minuto","category-zona-gris","tag-defensoria-de-los-derechos-humanos-del-pueblo-de-oaxaca"],"jetpack_featured_media_url":"https:\/\/zonaroja.com.mx\/wp-content\/uploads\/2020\/08\/Bernardo-Rodr\u00edguez-Alamilla.png","jetpack_sharing_enabled":true,"_links":{"self":[{"href":"https:\/\/zonaroja.com.mx\/index.php?rest_route=\/wp\/v2\/posts\/15987","targetHints":{"allow":["GET"]}}],"collection":[{"href":"https:\/\/zonaroja.com.mx\/index.php?rest_route=\/wp\/v2\/posts"}],"about":[{"href":"https:\/\/zonaroja.com.mx\/index.php?rest_route=\/wp\/v2\/types\/post"}],"author":[{"embeddable":true,"href":"https:\/\/zonaroja.com.mx\/index.php?rest_route=\/wp\/v2\/users\/2"}],"replies":[{"embeddable":true,"href":"https:\/\/zonaroja.com.mx\/index.php?rest_route=%2Fwp%2Fv2%2Fcomments&post=15987"}],"version-history":[{"count":1,"href":"https:\/\/zonaroja.com.mx\/index.php?rest_route=\/wp\/v2\/posts\/15987\/revisions"}],"predecessor-version":[{"id":15989,"href":"https:\/\/zonaroja.com.mx\/index.php?rest_route=\/wp\/v2\/posts\/15987\/revisions\/15989"}],"wp:featuredmedia":[{"embeddable":true,"href":"https:\/\/zonaroja.com.mx\/index.php?rest_route=\/wp\/v2\/media\/15988"}],"wp:attachment":[{"href":"https:\/\/zonaroja.com.mx\/index.php?rest_route=%2Fwp%2Fv2%2Fmedia&parent=15987"}],"wp:term":[{"taxonomy":"category","embeddable":true,"href":"https:\/\/zonaroja.com.mx\/index.php?rest_route=%2Fwp%2Fv2%2Fcategories&post=15987"},{"taxonomy":"post_tag","embeddable":true,"href":"https:\/\/zonaroja.com.mx\/index.php?rest_route=%2Fwp%2Fv2%2Ftags&post=15987"}],"curies":[{"name":"wp","href":"https:\/\/api.w.org\/{rel}","templated":true}]}}