{"id":15993,"date":"2020-08-07T19:25:29","date_gmt":"2020-08-08T00:25:29","guid":{"rendered":"http:\/\/www.zonaroja.com.mx\/?p=15993"},"modified":"2020-08-07T19:25:32","modified_gmt":"2020-08-08T00:25:32","slug":"exige-seccion-22-carcel-contra-mas-involucrados-en-represion-de-2006-y-2016","status":"publish","type":"post","link":"https:\/\/zonaroja.com.mx\/?p=15993","title":{"rendered":"Exige Secci\u00f3n 22 c\u00e1rcel contra m\u00e1s involucrados en represi\u00f3n de 2006 y 2016"},"content":{"rendered":"\n<p>Redacci\u00f3n\/Zona Roja.<\/p>\n\n\n\n<p>Oaxaca de Ju\u00e1rez, Oax., 7 de agosto de\n2020.- Tras la liberaci\u00f3n de \u00f3rdenes de aprehensi\u00f3n en contra del ex procurador\nEvencio Nicol\u00e1s M. R.; el entonces director de la Polic\u00eda Ministerial, Daniel\nC. F., y seis investigadores de la Fiscal\u00eda General del Estado de Oaxaca, la\nSecci\u00f3n 22 del SNTE demand\u00f3 justicia y c\u00e1rcel para m\u00e1s involucrados en la\nrepresi\u00f3n del 2006-2007, y tambi\u00e9n del 2016.<\/p>\n\n\n\n<p>\u201cHoy, ante el anuncio en los medios de\ncomunicaci\u00f3n de una orden de aprehensi\u00f3n y hace unos minutos de la detenci\u00f3n\ndel ex procurador de justicia de Oaxaca, en el periodo del asesino Ulises Ruiz\nOrtiz, Evencio Nicol\u00e1s M. R., por la desaparici\u00f3n forzada de Edmundo Reyes\nAmaya y Gabriel Alberto S\u00e1nchez, ratificamos nuestras denuncias en contra de\nlos personeros que sirven a la pol\u00edtica represiva del Estado\u201d, dijo en un\ncomunicado.<\/p>\n\n\n\n<p>Tambi\u00e9n difundi\u00f3 una imagen con los\nrostros de quienes considera \u201ccorruptos y represores\u201d, entre ellos Heliodoro\nD\u00edaz Esc\u00e1rraga, H\u00e9ctor Pablo Ram\u00edrez Puga Leyva, Lizbeth Ca\u00f1a Cadeza, Jos\u00e9\nManuel Vera Salinas, Bulmaro Rito Salinas, entre otros.<\/p>\n\n\n\n<p>\u201cA 13 a\u00f1os de la desaparici\u00f3n de los\nluchadores sociales ocurrida el 25 de mayo de 2007, la orden de aprehensi\u00f3n de\nEvencio Nicol\u00e1s, Daniel Camarena, de comandantes y de elementos de la AEI\ninvolucrados en esta historia del autoritarismo y crimen de Estado queda en\nevidencia la colusi\u00f3n de autoridades y el golpe funesto hacia la libre\nmanifestaci\u00f3n en los intentos por acabar la protesta social y callar la voz de\nlos que salimos a las calles a denunciar el podrido esquema de justicia\nmexicana que existe en el pa\u00eds\u201d, expuso la dirigencia magisterial.<\/p>\n\n\n\n<p>\u201cC\u00e1rcel, desapariciones y asesinatos\nhan sido los hechos que escriben la historia de la lucha social en M\u00e9xico, por\nello, este anuncio representa s\u00f3lo un paliativo para simular que existe acceso\na la justicia y castigo a los responsables, porque despu\u00e9s de 13 a\u00f1os la\njusticia mexicana apenas libra una orden de aprehensi\u00f3n en contra de los\nresponsables de la desaparici\u00f3n de dos luchadores sin considerar a\u00fan las graves\nfaltas que como funcionarios cometieron bajo la orden de URO en el 2006\u201d,\nagreg\u00f3.<\/p>\n\n\n\n<p>\u201cEn la calle y en las oficinas de\ngobierno se pasean los asesinos del pueblo, como Ulises Ruiz Ortiz y dem\u00e1s\nfuncionarios que sin humanidad alguna asesinaron, encarcelaron y persiguieron a\nmaestros e integrantes de la Asamblea Popular de los Pueblos de Oaxaca (APPO)\u201d,\nmanifest\u00f3.<\/p>\n\n\n\n<p>\u201cLa verdadera justicia llegar\u00e1 cuando\ntodos los asesinos, responsables materiales e intelectuales de \u00e9stos hechos, de\nla agresi\u00f3n del 2006 y muchos atropellos m\u00e1s est\u00e9n tras las rejas, sobre todo\ncuando vivamos en un pa\u00eds libre de la persecuci\u00f3n y desaparici\u00f3n forzada donde\nno se criminalice la protesta social\u201d, dijo.<\/p>\n\n\n\n<p>Exigi\u00f3 que todos los involucrados en la\nrepresi\u00f3n del 2006 \u201cbajo la orden de Ulises Ruiz Ortiz y de la masacre de lesa\nhumanidad en Nochixtl\u00e1n durante la administraci\u00f3n de Gabino Cu\u00e9 sean castigados\nde manera inmediata\u201d.<\/p>\n","protected":false},"excerpt":{"rendered":"<p>Redacci\u00f3n\/Zona Roja. Oaxaca de Ju\u00e1rez, Oax., 7 de agosto de 2020.- Tras la liberaci\u00f3n de&hellip;<\/p>\n","protected":false},"author":2,"featured_media":15994,"comment_status":"closed","ping_status":"open","sticky":false,"template":"","format":"standard","meta":{"_lmt_disableupdate":"","_lmt_disable":"","_jetpack_memberships_contains_paid_content":false,"footnotes":""},"categories":[109,47],"tags":[312],"class_list":["post-15993","post","type-post","status-publish","format-standard","has-post-thumbnail","hentry","category-minuto-a-minuto","category-zona-gris","tag-seccion-22-del-snte"],"jetpack_featured_media_url":"https:\/\/zonaroja.com.mx\/wp-content\/uploads\/2020\/08\/Secci\u00f3n-22-justicia.jpg","jetpack_sharing_enabled":true,"_links":{"self":[{"href":"https:\/\/zonaroja.com.mx\/index.php?rest_route=\/wp\/v2\/posts\/15993","targetHints":{"allow":["GET"]}}],"collection":[{"href":"https:\/\/zonaroja.com.mx\/index.php?rest_route=\/wp\/v2\/posts"}],"about":[{"href":"https:\/\/zonaroja.com.mx\/index.php?rest_route=\/wp\/v2\/types\/post"}],"author":[{"embeddable":true,"href":"https:\/\/zonaroja.com.mx\/index.php?rest_route=\/wp\/v2\/users\/2"}],"replies":[{"embeddable":true,"href":"https:\/\/zonaroja.com.mx\/index.php?rest_route=%2Fwp%2Fv2%2Fcomments&post=15993"}],"version-history":[{"count":1,"href":"https:\/\/zonaroja.com.mx\/index.php?rest_route=\/wp\/v2\/posts\/15993\/revisions"}],"predecessor-version":[{"id":15995,"href":"https:\/\/zonaroja.com.mx\/index.php?rest_route=\/wp\/v2\/posts\/15993\/revisions\/15995"}],"wp:featuredmedia":[{"embeddable":true,"href":"https:\/\/zonaroja.com.mx\/index.php?rest_route=\/wp\/v2\/media\/15994"}],"wp:attachment":[{"href":"https:\/\/zonaroja.com.mx\/index.php?rest_route=%2Fwp%2Fv2%2Fmedia&parent=15993"}],"wp:term":[{"taxonomy":"category","embeddable":true,"href":"https:\/\/zonaroja.com.mx\/index.php?rest_route=%2Fwp%2Fv2%2Fcategories&post=15993"},{"taxonomy":"post_tag","embeddable":true,"href":"https:\/\/zonaroja.com.mx\/index.php?rest_route=%2Fwp%2Fv2%2Ftags&post=15993"}],"curies":[{"name":"wp","href":"https:\/\/api.w.org\/{rel}","templated":true}]}}