{"id":15996,"date":"2020-08-07T20:29:20","date_gmt":"2020-08-08T01:29:20","guid":{"rendered":"http:\/\/www.zonaroja.com.mx\/?p=15996"},"modified":"2020-08-07T20:29:24","modified_gmt":"2020-08-08T01:29:24","slug":"al-menos-11-ediles-de-oaxaca-han-dado-positivo-a-covid-3-han-fallecido","status":"publish","type":"post","link":"https:\/\/zonaroja.com.mx\/?p=15996","title":{"rendered":"Al menos 11 ediles de Oaxaca han dado positivo a Covid; 3 han fallecido"},"content":{"rendered":"\n<p>Yuridiana Sosa\/Zona Roja.<\/p>\n\n\n\n<p>Oaxaca de Ju\u00e1rez, Oax., 7 de agosto de\n2020.- En el transcurso de la pandemia por Covid-19 en Oaxaca, tres presidentes\nmunicipales han sido v\u00edctimas mortales y siete m\u00e1s, por lo menos, anunciaron\ncursar por la enfermedad.<\/p>\n\n\n\n<p>El presidente municipal de Tamazul\u00e1pam\ndel Esp\u00edritu Santo, en la zona Mixe, Artemio Ortiz Ric\u00e1rdez, fue el m\u00e1s\nreciente caso donde un edil pierde la vida por coronavirus.<\/p>\n\n\n\n<p>Su muerte se registr\u00f3 el pasado 5 de\nagosto luego de varios d\u00edas de permanecer hospitalizado, primero desde el\nHospital de Tamazul\u00e1pam, de los Servicios de Salud de Oaxaca, y posteriormente\nen el Hospital ISSSTE \u201cPresidente Ju\u00e1rez\u201d, en la capital del estado, donde se\nbusc\u00f3 una atenci\u00f3n m\u00e1s especializada para tratar de salvarle la vida.<\/p>\n\n\n\n<p>Le antecedi\u00f3 el edil de San Juan\nBautista Tuxtepec en la regi\u00f3n Cuenca, Fernando Bautista D\u00e1vila, el pasado 16\nde julio. El funcionario permaneci\u00f3 un mes hospitalizado en una cl\u00ednica\nparticular en la ciudad de Veracruz, del vecino estado.<\/p>\n\n\n\n<p>Florencio San Germ\u00e1n Santiago, edil de\nSan Baltazar Chichicapan, perdi\u00f3 la batalla contra el coronavirus el 28 de\njunio.<\/p>\n\n\n\n<p>En tanto, el presidente de Santa Mar\u00eda\nJacatepec, en la regi\u00f3n Cuenca, V\u00edctor Ra\u00fal Hern\u00e1ndez L\u00f3pez, anunci\u00f3 este 6 de\nagosto que fue diagnosticado con Covid-19, por lo que comenz\u00f3 con el proceso de\naislamiento.<\/p>\n\n\n\n<p>En esa misma regi\u00f3n, tambi\u00e9n padeci\u00f3 la\nenfermedad el presidente de San Juan Bautista Valle Nacional, Reynaldo Maga\u00f1a y\nel edil de San Jos\u00e9 Chiltepec, Mart\u00edn Garc\u00eda. Quienes posteriormente anunciaron\nsus recuperaciones.<\/p>\n\n\n\n<p>Adem\u00e1s, el edil de Huautla de Jim\u00e9nez,\n\u00d3scar Peralta Allende, fue atendido por esta enfermedad luego del fallecimiento\npor Covid-19 del secretario municipal, Sergio Calvo Guerrero.<\/p>\n\n\n\n<p>La presidenta municipal de San Juan\nBautista Cuicatl\u00e1n, Maricel Mariscal Gayt\u00e1n, tambi\u00e9n dio a conocer el pasado 9\nde julio que dio positivo a la prueba de Covid-19. As\u00ed tambi\u00e9n, el 3 de junio\nlo hizo el edil de Salina Cruz, Juan Carlos Atecas.<\/p>\n\n\n\n<p>A la lista se sum\u00f3 el presidente\nmunicipal de Santa Luc\u00eda del Camino, Oaxaca, Dante Monta\u00f1o Montero, quien lo\nanunci\u00f3 v\u00eda Twitter.<\/p>\n","protected":false},"excerpt":{"rendered":"<p>Yuridiana Sosa\/Zona Roja. Oaxaca de Ju\u00e1rez, Oax., 7 de agosto de 2020.- En el transcurso&hellip;<\/p>\n","protected":false},"author":2,"featured_media":14396,"comment_status":"closed","ping_status":"open","sticky":false,"template":"","format":"standard","meta":{"_lmt_disableupdate":"","_lmt_disable":"","_jetpack_memberships_contains_paid_content":false,"footnotes":""},"categories":[109,47],"tags":[1512],"class_list":["post-15996","post","type-post","status-publish","format-standard","has-post-thumbnail","hentry","category-minuto-a-minuto","category-zona-gris","tag-coronavirus-oaxaca"],"jetpack_featured_media_url":"https:\/\/zonaroja.com.mx\/wp-content\/uploads\/2020\/06\/Covid-Oaxaca.png","jetpack_sharing_enabled":true,"_links":{"self":[{"href":"https:\/\/zonaroja.com.mx\/index.php?rest_route=\/wp\/v2\/posts\/15996","targetHints":{"allow":["GET"]}}],"collection":[{"href":"https:\/\/zonaroja.com.mx\/index.php?rest_route=\/wp\/v2\/posts"}],"about":[{"href":"https:\/\/zonaroja.com.mx\/index.php?rest_route=\/wp\/v2\/types\/post"}],"author":[{"embeddable":true,"href":"https:\/\/zonaroja.com.mx\/index.php?rest_route=\/wp\/v2\/users\/2"}],"replies":[{"embeddable":true,"href":"https:\/\/zonaroja.com.mx\/index.php?rest_route=%2Fwp%2Fv2%2Fcomments&post=15996"}],"version-history":[{"count":1,"href":"https:\/\/zonaroja.com.mx\/index.php?rest_route=\/wp\/v2\/posts\/15996\/revisions"}],"predecessor-version":[{"id":15997,"href":"https:\/\/zonaroja.com.mx\/index.php?rest_route=\/wp\/v2\/posts\/15996\/revisions\/15997"}],"wp:featuredmedia":[{"embeddable":true,"href":"https:\/\/zonaroja.com.mx\/index.php?rest_route=\/wp\/v2\/media\/14396"}],"wp:attachment":[{"href":"https:\/\/zonaroja.com.mx\/index.php?rest_route=%2Fwp%2Fv2%2Fmedia&parent=15996"}],"wp:term":[{"taxonomy":"category","embeddable":true,"href":"https:\/\/zonaroja.com.mx\/index.php?rest_route=%2Fwp%2Fv2%2Fcategories&post=15996"},{"taxonomy":"post_tag","embeddable":true,"href":"https:\/\/zonaroja.com.mx\/index.php?rest_route=%2Fwp%2Fv2%2Ftags&post=15996"}],"curies":[{"name":"wp","href":"https:\/\/api.w.org\/{rel}","templated":true}]}}