{"id":15998,"date":"2020-08-07T21:12:09","date_gmt":"2020-08-08T02:12:09","guid":{"rendered":"http:\/\/www.zonaroja.com.mx\/?p=15998"},"modified":"2020-08-07T21:12:13","modified_gmt":"2020-08-08T02:12:13","slug":"reconocen-organismos-internacionales-aporte-del-congreso-a-la-salud-de-menores","status":"publish","type":"post","link":"https:\/\/zonaroja.com.mx\/?p=15998","title":{"rendered":"Reconocen organismos internacionales aporte del Congreso a la salud de menores"},"content":{"rendered":"\n<p>Redacci\u00f3n\/Zona Roja.<\/p>\n\n\n\n<p>Oaxaca de Ju\u00e1rez, Oax. 7 de agosto de\n2020.- Servidores p\u00fablicos y legisladores federales, as\u00ed como organismos\ninternacionales como la FAO, ONU y UNICEF M\u00e9xico, celebraron la reforma del\nCongreso local a la Ley de Derechos de los Ni\u00f1os, Ni\u00f1as y Adolescentes para\nprohibir la venta y regalo de bebidas azucaradas y alimentos envasados con alto\ncontenido cal\u00f3rico.<\/p>\n\n\n\n<p>Esta legislaci\u00f3n ubica a Oaxaca como el\nestado pionero en el pa\u00eds en el cuidado de la ingesta de alimentos nocivos\nentre personas de temprana edad que causan enfermedades, como la diabetes e\nhipertensi\u00f3n y otros padecimientos que, en la actual pandemia provocada por la\nCovid-9, contribuyen a una alta mortalidad.&nbsp;\n<\/p>\n\n\n\n<p>Recientemente, el subsecretario de\nPrevenci\u00f3n y Promoci\u00f3n de la Salud de la Secretar\u00eda de Salud Federal, Hugo\nL\u00f3pez-Gatell, apoy\u00f3 la adhesi\u00f3n del Art\u00edculo 20 bis a dicha Ley, para prohibir\nvender, regalar, distribuir o promocionar productos no saludables a ni\u00f1as,\nni\u00f1os y adolescentes.<\/p>\n\n\n\n<p>\u201cAprovecho para celebrar y felicitar al\nCongreso del Estado de Oaxaca, la modificaci\u00f3n a la Ley de los derechos de las\nni\u00f1as ni\u00f1os y adolescentes impulsada por la diputada, Magaly L\u00f3pez Dom\u00ednguez,\nque proh\u00edbe la comercializaci\u00f3n, oferta, donativos, promoci\u00f3n de alimentos o\nproductos industriales no saludables, en las escuelas; fue aprobada por una\nampl\u00edsima mayor\u00eda\u201d, asever\u00f3 el vocero del sector Salud durante el informe\ndiario sobre la situaci\u00f3n de la COVID-19 en M\u00e9xico.<\/p>\n\n\n\n<p>El Poder Legislativo federal tambi\u00e9n\ncelebr\u00f3 este acontecimiento hist\u00f3rico. El senador Alejandro Armenta Mier,\nsostuvo que los y las legisladoras de Oaxaca est\u00e1n poniendo el ejemplo,\nindependientemente del partido pol\u00edtico al que pertenezcan, de lo que se debe\nhacer en toda la Rep\u00fablica. El legislador poblano promueve en el Palacio\nLegislativo de San L\u00e1zaro, una medida similar para el cuidado de la salud de la\npoblaci\u00f3n.<\/p>\n\n\n\n<p>Tambi\u00e9n, la senadora Nadia Navarro\nAcevedo, sostuvo que la medida es acertada, por lo que ahora resta actuar de\nmanera conjunta, tanto las empresas, el gobierno y los actores pol\u00edticos de\ncada entidad, siempre en beneficio de los ni\u00f1os y las ni\u00f1as.<\/p>\n\n\n\n<p>Asimismo, la representante de la\nOrganizaci\u00f3n de las Naciones Unidas para la Alimentaci\u00f3n y la Agricultura (FAO)\nen M\u00e9xico, Lina Pohl, reconoci\u00f3 el quehacer legislativo de las y los\nrepresentantes populares oaxaque\u00f1os, para atender el grave problema alimentario\nque afecta principalmente a las personas menores de edad.<\/p>\n\n\n\n<p>\u201cAnte cifras de malnutrici\u00f3n infantil\nen M\u00e9xico, reconocemos la labor de la 64 Legislatura del Congreso de Oaxaca, en\nla discusi\u00f3n sobre la prohibici\u00f3n de la venta, distribuci\u00f3n y regalo de\nalimentos no saludables\u201d, se\u00f1al\u00f3 en una declaraci\u00f3n p\u00fablica.<\/p>\n\n\n\n<p>\u201cEn UNICEF M\u00e9xico celebramos la\npropuesta de adici\u00f3n a la Ley de los Derechos de Ni\u00f1as, Ni\u00f1os y Adolescentes de\nOaxaca, para prohibir la distribuci\u00f3n, donaci\u00f3n, regalo y venta de bebidas azucaradas\ny alimentos cal\u00f3ricos a menores de edad\u201d, sostuvo tambi\u00e9n, en su red social\noficial, Christian Skoog, representante del Fondo de las Naciones Unidas para\nla Infancia en M\u00e9xico.<\/p>\n\n\n\n<p>Fue durante la Sesi\u00f3n ordinaria de este\nmi\u00e9rcoles 5 de agosto, que la 64 Legislatura del Congreso Local aprob\u00f3, por\nmayor\u00eda, adicionar el Art\u00edculo 20 Bis a la Ley de los Derechos de Ni\u00f1as Ni\u00f1os y\nAdolescentes del Estado de Oaxaca, a fin de prohibir la venta y consumo de\nbebidas azucaradas y alimentos envasados de alto contenido cal\u00f3rico a menores\nde edad.<\/p>\n","protected":false},"excerpt":{"rendered":"<p>Redacci\u00f3n\/Zona Roja. Oaxaca de Ju\u00e1rez, Oax. 7 de agosto de 2020.- Servidores p\u00fablicos y legisladores&hellip;<\/p>\n","protected":false},"author":2,"featured_media":15999,"comment_status":"closed","ping_status":"open","sticky":false,"template":"","format":"standard","meta":{"_lmt_disableupdate":"","_lmt_disable":"","_jetpack_memberships_contains_paid_content":false,"footnotes":""},"categories":[109,46],"tags":[192],"class_list":["post-15998","post","type-post","status-publish","format-standard","has-post-thumbnail","hentry","category-minuto-a-minuto","category-zona-blanca","tag-diputada-magaly-lopez-dominguez"],"jetpack_featured_media_url":"https:\/\/zonaroja.com.mx\/wp-content\/uploads\/2020\/08\/FOTO-1-Congresistas-integrantes-de-la-LXIV-Legislatura-de-Oaxaca.jpeg","jetpack_sharing_enabled":true,"_links":{"self":[{"href":"https:\/\/zonaroja.com.mx\/index.php?rest_route=\/wp\/v2\/posts\/15998","targetHints":{"allow":["GET"]}}],"collection":[{"href":"https:\/\/zonaroja.com.mx\/index.php?rest_route=\/wp\/v2\/posts"}],"about":[{"href":"https:\/\/zonaroja.com.mx\/index.php?rest_route=\/wp\/v2\/types\/post"}],"author":[{"embeddable":true,"href":"https:\/\/zonaroja.com.mx\/index.php?rest_route=\/wp\/v2\/users\/2"}],"replies":[{"embeddable":true,"href":"https:\/\/zonaroja.com.mx\/index.php?rest_route=%2Fwp%2Fv2%2Fcomments&post=15998"}],"version-history":[{"count":1,"href":"https:\/\/zonaroja.com.mx\/index.php?rest_route=\/wp\/v2\/posts\/15998\/revisions"}],"predecessor-version":[{"id":16000,"href":"https:\/\/zonaroja.com.mx\/index.php?rest_route=\/wp\/v2\/posts\/15998\/revisions\/16000"}],"wp:featuredmedia":[{"embeddable":true,"href":"https:\/\/zonaroja.com.mx\/index.php?rest_route=\/wp\/v2\/media\/15999"}],"wp:attachment":[{"href":"https:\/\/zonaroja.com.mx\/index.php?rest_route=%2Fwp%2Fv2%2Fmedia&parent=15998"}],"wp:term":[{"taxonomy":"category","embeddable":true,"href":"https:\/\/zonaroja.com.mx\/index.php?rest_route=%2Fwp%2Fv2%2Fcategories&post=15998"},{"taxonomy":"post_tag","embeddable":true,"href":"https:\/\/zonaroja.com.mx\/index.php?rest_route=%2Fwp%2Fv2%2Ftags&post=15998"}],"curies":[{"name":"wp","href":"https:\/\/api.w.org\/{rel}","templated":true}]}}