{"id":16001,"date":"2020-08-08T11:00:03","date_gmt":"2020-08-08T16:00:03","guid":{"rendered":"http:\/\/www.zonaroja.com.mx\/?p=16001"},"modified":"2020-08-07T21:43:28","modified_gmt":"2020-08-08T02:43:28","slug":"rechazan-que-hay-afectaciones-al-comercio-por-prohibicion-de-comida-chatarra","status":"publish","type":"post","link":"https:\/\/zonaroja.com.mx\/?p=16001","title":{"rendered":"Rechazan que hay afectaciones al comercio por prohibici\u00f3n de comida \u00abchatarra\u00bb"},"content":{"rendered":"\n<p>Redacci\u00f3n\/Zona Roja.<\/p>\n\n\n\n<p>Oaxaca de Ju\u00e1rez, Oax.,&nbsp; 8 de agosto 2020. La diputada local Magaly\nL\u00f3pez Dom\u00ednguez, asegur\u00f3 que con la prohibici\u00f3n de la venta, suministro y\nregalo de bebidas y productos \u00abchatarra\u00bb a personas menores de edad,\nno se afectar\u00e1 el ingreso econ\u00f3mico a los comerciantes locales.<\/p>\n\n\n\n<p>La legisladora explic\u00f3 que en la\nb\u00fasqueda de erradicar la pandemia que representa la obesidad infantil, s\u00f3lo se\nrestringe su venta a personas menores de edad, quienes podr\u00e1n tener acceso a\ndichos productos por conducto de una persona adulta.<\/p>\n\n\n\n<p>Indic\u00f3 que ser\u00e1 la Secretar\u00eda de Salud del Gobierno del Estado de Oaxaca la que aplicar\u00e1\u00a0 y vigilar\u00e1 el cumplimiento de las Normas Oficiales Mexicanas en donde se establecen los l\u00edmites m\u00e1ximos de: sodio, grasas trans, az\u00facares, grasas saturadas a\u00f1adidas a las bebidas azucaradas y alimentos envasados. <\/p>\n\n\n\n<p>De igual forma, la autoridad sanitaria\nlocal determinar\u00e1 cu\u00e1les son las bebidas y alimentos que est\u00e1n prohibidos para\nla venta, regalo y suministro a ni\u00f1as, ni\u00f1os y adolescentes en el estado.<\/p>\n\n\n\n<p>La representante popular fue enf\u00e1tica\nal decir que no se proh\u00edbe la comercializaci\u00f3n&nbsp;\nde productos como: dulces regionales, tejate, tlayudas, nieves, pan de\nyema u otros productos realizados de forma artesanal en Oaxaca, toda vez que\n\u00e9stas no est\u00e1n dentro de las normas oficiales mexicanas.<\/p>\n\n\n\n<p>A partir de la publicaci\u00f3n de esta adici\u00f3n a la\u00a0 ley, la venta de comida y bebidas \u00abchatarra\u00bb ser\u00e1 restringida al igual que el alcohol y los cigarros para evitar m\u00e1s generaciones enfermas. El ordenamiento jur\u00eddico busca garantizar el derecho a la salud de las personas menores de edad, apunt\u00f3 la legisladora.\u00a0 <\/p>\n\n\n\n<figure class=\"wp-block-embed-twitter wp-block-embed is-type-rich is-provider-twitter\"><div class=\"wp-block-embed__wrapper\">\n<div class=\"twitter-tweet\"><blockquote class=\"twitter-tweet\" data-lang=\"es\"><p lang=\"es\" dir=\"ltr\">&#8211; \u00a1Va contra la econom\u00eda! <br>&#8211; No \ud83d\ude44<br>&#8211; &#8211; Se perseguir\u00e1 penalmente a los tenderos ! <br>No \ud83d\ude44<br>Aqu\u00ed m\u00e1s mitos y verdades sobre este logro legislativo \ud83d\ude43 <a href=\"https:\/\/t.co\/QdvEFKKYj3\">pic.twitter.com\/QdvEFKKYj3<\/a><\/p>&mdash; Magaly L\u00f3pez Dom\u00ednguez (@Magaly_LopezOax) <a href=\"https:\/\/twitter.com\/Magaly_LopezOax\/status\/1291565704567644160?ref_src=twsrc%5Etfw\">7 de agosto de 2020<\/a><\/blockquote><\/div>\n<\/div><\/figure>\n\n\n\n<p>L\u00f3pez Dom\u00ednguez lament\u00f3 la campa\u00f1a de\ndesinformaci\u00f3n alentada por grupos poderosos a los cuales no les interesa la\nsalud de los ni\u00f1os, sino el negocio que alimenta los capitales econ\u00f3micos.<\/p>\n\n\n\n<p>En este contexto, llam\u00f3 a la sociedad\ncivil y al sector empresarial de Oaxaca a no hacer caso de la falsa\ninformaci\u00f3n. Pidi\u00f3 analizar los beneficios que traer\u00e1 consigo est\u00e1 modificaci\u00f3n\na la Ley&nbsp; Estatal de los Derechos de\nNi\u00f1os, Ni\u00f1as y Adolescentes del Estado.<\/p>\n\n\n\n<p>Asimismo, reiter\u00f3 el compromiso de la 64\nLegislatura del Congreso local de ser un parlamento abierto para escuchar las\nvoces del pueblo, por lo que estar\u00e1 atenta a atender y dialogar con los\ndiversos sectores que tienen dudas acerca de dicha medida legislativa.<\/p>\n\n\n\n<p>Apel\u00f3 a la sensibilidad de la\nciudadan\u00eda, pero sobre todo a padres y madres de familia, para sumarse a esta\nley y ponderar la salud de la poblaci\u00f3n infantil, que representa el presente y\nfuturo del pa\u00eds.<\/p>\n\n\n\n<p>Fue en sesi\u00f3n ordinaria del pasado\nmi\u00e9rcoles 5 de agosto, que el Congreso aprob\u00f3, por mayor\u00eda, adicionar el\nArt\u00edculo 20 Bis a la Ley antes mencionada, a fin de prohibir la venta y consumo\nde bebidas azucaradas y alimentos envasados de alto contenido cal\u00f3rico a\nmenores de edad.<\/p>\n","protected":false},"excerpt":{"rendered":"<p>Redacci\u00f3n\/Zona Roja. Oaxaca de Ju\u00e1rez, Oax.,&nbsp; 8 de agosto 2020. La diputada local Magaly L\u00f3pez&hellip;<\/p>\n","protected":false},"author":2,"featured_media":16002,"comment_status":"closed","ping_status":"open","sticky":false,"template":"","format":"standard","meta":{"_lmt_disableupdate":"","_lmt_disable":"","_jetpack_memberships_contains_paid_content":false,"footnotes":""},"categories":[109,46],"tags":[192],"class_list":["post-16001","post","type-post","status-publish","format-standard","has-post-thumbnail","hentry","category-minuto-a-minuto","category-zona-blanca","tag-diputada-magaly-lopez-dominguez"],"jetpack_featured_media_url":"https:\/\/zonaroja.com.mx\/wp-content\/uploads\/2020\/08\/FOTO-Diputada-Magaly-L\u00f3pez-Dom\u00ednguez.-1.jpeg","jetpack_sharing_enabled":true,"_links":{"self":[{"href":"https:\/\/zonaroja.com.mx\/index.php?rest_route=\/wp\/v2\/posts\/16001","targetHints":{"allow":["GET"]}}],"collection":[{"href":"https:\/\/zonaroja.com.mx\/index.php?rest_route=\/wp\/v2\/posts"}],"about":[{"href":"https:\/\/zonaroja.com.mx\/index.php?rest_route=\/wp\/v2\/types\/post"}],"author":[{"embeddable":true,"href":"https:\/\/zonaroja.com.mx\/index.php?rest_route=\/wp\/v2\/users\/2"}],"replies":[{"embeddable":true,"href":"https:\/\/zonaroja.com.mx\/index.php?rest_route=%2Fwp%2Fv2%2Fcomments&post=16001"}],"version-history":[{"count":2,"href":"https:\/\/zonaroja.com.mx\/index.php?rest_route=\/wp\/v2\/posts\/16001\/revisions"}],"predecessor-version":[{"id":16005,"href":"https:\/\/zonaroja.com.mx\/index.php?rest_route=\/wp\/v2\/posts\/16001\/revisions\/16005"}],"wp:featuredmedia":[{"embeddable":true,"href":"https:\/\/zonaroja.com.mx\/index.php?rest_route=\/wp\/v2\/media\/16002"}],"wp:attachment":[{"href":"https:\/\/zonaroja.com.mx\/index.php?rest_route=%2Fwp%2Fv2%2Fmedia&parent=16001"}],"wp:term":[{"taxonomy":"category","embeddable":true,"href":"https:\/\/zonaroja.com.mx\/index.php?rest_route=%2Fwp%2Fv2%2Fcategories&post=16001"},{"taxonomy":"post_tag","embeddable":true,"href":"https:\/\/zonaroja.com.mx\/index.php?rest_route=%2Fwp%2Fv2%2Ftags&post=16001"}],"curies":[{"name":"wp","href":"https:\/\/api.w.org\/{rel}","templated":true}]}}