{"id":16009,"date":"2020-08-07T22:09:22","date_gmt":"2020-08-08T03:09:22","guid":{"rendered":"http:\/\/www.zonaroja.com.mx\/?p=16009"},"modified":"2020-08-07T22:09:26","modified_gmt":"2020-08-08T03:09:26","slug":"covid-incesante-en-oaxaca-hoy-160-casos-positivos-y-10-decesos","status":"publish","type":"post","link":"https:\/\/zonaroja.com.mx\/?p=16009","title":{"rendered":"Covid incesante en Oaxaca: hoy 160 casos positivos y 10 decesos"},"content":{"rendered":"\n<p>Redacci\u00f3n\/Zona Roja.<\/p>\n\n\n\n<p>Oaxaca de Ju\u00e1rez, Oax. 7 de agosto de\n2020.- Los Servicios de Salud de Oaxaca (SSO) reportaron este viernes 7 de\nagosto 160 nuevos casos de Covid-19, con lo que suman 11 mil 485 los contagios;\nen cuanto a fallecimientos, se lleg\u00f3 a las mil 035 p\u00e9rdidas fatales, 10 m\u00e1s en\ncomparaci\u00f3n al corte epidemiol\u00f3gico de ayer.<\/p>\n\n\n\n<p>En un comunicado, la dependencia dio a\nconocer que nueve mil 746 personas lograron recuperarse de la enfermedad\ninfecciosa.<\/p>\n\n\n\n<p>As\u00ed tambi\u00e9n, inform\u00f3 que 917 pruebas\nest\u00e1n en espera de resultados por laboratorio. Y respecto a la atenci\u00f3n m\u00e9dica,\nse\u00f1al\u00f3 que se tiene el 48.9% de ocupaci\u00f3n hospitalaria.<\/p>\n\n\n\n<p>A\u00f1adi\u00f3 que la regi\u00f3n de Valles\nCentrales contabiliza 492 casos activos, la Mixteca presenta 60, seguido del\nIstmo y Tuxtepec que contabilizan 43 cada una; as\u00ed tambi\u00e9n la Costa registr\u00f3 49\ny la Sierra (Norte) 17 pacientes.<\/p>\n\n\n\n<p>Confirm\u00f3 que en total existen 704\npersonas que cursan en estos momentos el padecimiento respiratorio, por lo que\nadvirti\u00f3 que en el territorio oaxaque\u00f1o la patolog\u00eda v\u00edrica se encuentra a\u00fan en\netapa activa.<\/p>\n\n\n\n<p>Agreg\u00f3 que las localidades con el mayor\nn\u00famero de contagios reportados este viernes son: Oaxaca de Ju\u00e1rez con 52 casos\ny San Juan Bautista Tuxtepec con 21 diagn\u00f3sticos nuevos.<\/p>\n\n\n\n<p>Subray\u00f3 que los desechos sanitarios\ncomo: cubrebocas, pa\u00f1uelos desechables, chicles, cepillos dentales, guantes,\ncolillas de cigallo, botes de medicamento, deber\u00e1n ser embolsados de\npreferencia con material biodegradable, sellados y separados del resto de la\nbasura.<\/p>\n\n\n\n<p>Adem\u00e1s, recomend\u00f3 rociar la bolsa por\ndentro y por fuera con soluci\u00f3n desinfectante (se puede utilizar una\nconcentraci\u00f3n de etanol del 70% o cuatro cucharadas de cloro por un litro de\nagua), y escribir con marcador permanente \u201cResiduos sanitarios\u201d, as\u00ed como\nsometerlos a una cuarentena m\u00ednima de cinco d\u00edas, antes de entregarlo a\ncualquier empresa de recolecci\u00f3n de basura, por seguridad de las personas que\nrealizan esta labor.<\/p>\n\n\n\n<p>Finalmente pidi\u00f3 a la poblaci\u00f3n no\ntirar en la v\u00eda p\u00fablica los cubrebocas, tanto los desechables como los caseros,\ncon el fin de no contaminar el medio ambiente y evitar focos de contagios de la\npatolog\u00eda v\u00edrica.<\/p>\n","protected":false},"excerpt":{"rendered":"<p>Redacci\u00f3n\/Zona Roja. Oaxaca de Ju\u00e1rez, Oax. 7 de agosto de 2020.- Los Servicios de Salud&hellip;<\/p>\n","protected":false},"author":2,"featured_media":16010,"comment_status":"closed","ping_status":"open","sticky":false,"template":"","format":"standard","meta":{"_lmt_disableupdate":"","_lmt_disable":"","_jetpack_memberships_contains_paid_content":false,"footnotes":""},"categories":[109,47],"tags":[1512],"class_list":["post-16009","post","type-post","status-publish","format-standard","has-post-thumbnail","hentry","category-minuto-a-minuto","category-zona-gris","tag-coronavirus-oaxaca"],"jetpack_featured_media_url":"https:\/\/zonaroja.com.mx\/wp-content\/uploads\/2020\/08\/SSO-1-3.jpeg","jetpack_sharing_enabled":true,"_links":{"self":[{"href":"https:\/\/zonaroja.com.mx\/index.php?rest_route=\/wp\/v2\/posts\/16009","targetHints":{"allow":["GET"]}}],"collection":[{"href":"https:\/\/zonaroja.com.mx\/index.php?rest_route=\/wp\/v2\/posts"}],"about":[{"href":"https:\/\/zonaroja.com.mx\/index.php?rest_route=\/wp\/v2\/types\/post"}],"author":[{"embeddable":true,"href":"https:\/\/zonaroja.com.mx\/index.php?rest_route=\/wp\/v2\/users\/2"}],"replies":[{"embeddable":true,"href":"https:\/\/zonaroja.com.mx\/index.php?rest_route=%2Fwp%2Fv2%2Fcomments&post=16009"}],"version-history":[{"count":1,"href":"https:\/\/zonaroja.com.mx\/index.php?rest_route=\/wp\/v2\/posts\/16009\/revisions"}],"predecessor-version":[{"id":16011,"href":"https:\/\/zonaroja.com.mx\/index.php?rest_route=\/wp\/v2\/posts\/16009\/revisions\/16011"}],"wp:featuredmedia":[{"embeddable":true,"href":"https:\/\/zonaroja.com.mx\/index.php?rest_route=\/wp\/v2\/media\/16010"}],"wp:attachment":[{"href":"https:\/\/zonaroja.com.mx\/index.php?rest_route=%2Fwp%2Fv2%2Fmedia&parent=16009"}],"wp:term":[{"taxonomy":"category","embeddable":true,"href":"https:\/\/zonaroja.com.mx\/index.php?rest_route=%2Fwp%2Fv2%2Fcategories&post=16009"},{"taxonomy":"post_tag","embeddable":true,"href":"https:\/\/zonaroja.com.mx\/index.php?rest_route=%2Fwp%2Fv2%2Ftags&post=16009"}],"curies":[{"name":"wp","href":"https:\/\/api.w.org\/{rel}","templated":true}]}}