{"id":1601,"date":"2019-06-11T22:17:49","date_gmt":"2019-06-12T03:17:49","guid":{"rendered":"http:\/\/www.zonaroja.com.mx\/?p=1601"},"modified":"2019-06-11T22:17:51","modified_gmt":"2019-06-12T03:17:51","slug":"desmienten-a-gobernador-descuartizados-en-la-cuenca-si-son-de-oaxaca","status":"publish","type":"post","link":"https:\/\/zonaroja.com.mx\/?p=1601","title":{"rendered":"Desmienten a gobernador: descuartizados en la Cuenca s\u00ed son de Oaxaca"},"content":{"rendered":"\n<figure class=\"wp-block-image\"><img decoding=\"async\" width=\"1024\" height=\"768\" src=\"http:\/\/www.zonaroja.com.mx\/wp-content\/uploads\/2019\/06\/Descuartizados-Cuenca-2-1-1024x768.jpg\" alt=\"\" class=\"wp-image-1602\" srcset=\"https:\/\/zonaroja.com.mx\/wp-content\/uploads\/2019\/06\/Descuartizados-Cuenca-2-1-1024x768.jpg 1024w, https:\/\/zonaroja.com.mx\/wp-content\/uploads\/2019\/06\/Descuartizados-Cuenca-2-1-300x225.jpg 300w, https:\/\/zonaroja.com.mx\/wp-content\/uploads\/2019\/06\/Descuartizados-Cuenca-2-1-768x576.jpg 768w, https:\/\/zonaroja.com.mx\/wp-content\/uploads\/2019\/06\/Descuartizados-Cuenca-2-1-585x439.jpg 585w, https:\/\/zonaroja.com.mx\/wp-content\/uploads\/2019\/06\/Descuartizados-Cuenca-2-1.jpg 1032w\" sizes=\"(max-width: 1024px) 100vw, 1024px\" \/><figcaption>Foto: Especial<\/figcaption><\/figure>\n\n\n\n<p>Redacci\u00f3n<\/p>\n\n\n\n<p>Oaxaca de\nJu\u00e1rez, Oax., a 19 de junio de 2019.- La Vicefiscal\u00eda Regional de la Cuenca\ndesminti\u00f3 al gobernador Alejandro Murat Hinojosa y confirm\u00f3 que la mayor\u00eda de\nlos cuerpos descuartizados en la Cuenca s\u00ed son de oaxaque\u00f1os.<\/p>\n\n\n\n<p>Este lunes,\nen conferencia de prensa, el titular del Ejecutivo dijo que las v\u00edctimas\nproced\u00edan de Veracruz y que se estaba investigando en qu\u00e9 sitio los mataron\npara irlos a tirar en territorio estatal.<\/p>\n\n\n\n<p>El pasado\ns\u00e1bado 8 de junio alrededor de las 04:45 horas, en el tramo carretero de\nTuxtepec a Ayotzintepec, a la altura del Ejido La Reforma, fueron halladas al\nmenos 14 bolsas, con cuerpos mutilados, con huellas de tortura y con disparos\nde arma de fuego; eran siete cad\u00e1veres, dos de mujeres y el resto de varones.<\/p>\n\n\n\n<p>En un\nreporte interno, la Vicefiscal\u00eda Regional de la Cuenca detall\u00f3 los nombres de\nseis de ellos:<\/p>\n\n\n\n<p>Gabriela\nMonta\u00f1o Ben\u00edtez, de 32 a\u00f1os de edad, originaria de San Juan Bautista Tuxtepec,\nOaxaca.<\/p>\n\n\n\n<p>Margarita\nMej\u00eda Jim\u00e9nez, de 67 a\u00f1os de edad, de Santiago Jocotepec, Oaxaca.<\/p>\n\n\n\n<p>Guillermo\nHern\u00e1ndez Baizabal, de 23 a\u00f1os de edad, de Loma Bonita, Oaxaca.<\/p>\n\n\n\n<p>Nah\u00fam Mar\u00edn\nTorres, de 18 a\u00f1os de edad, de la comunidad Francisco Villa, Santiago Yaveo,\nOaxaca.<\/p>\n\n\n\n<p>N. N., de Tuxtepec,\nOaxaca.<\/p>\n\n\n\n<p>Gustavo\n\u00c1ngel Apolonio R\u00edos, de 17 a\u00f1os de edad, originario de la localidad Nuevo\nIxcatl\u00e1n, municipio de Playa Vicente, Veracruz<\/p>\n\n\n\n<p>Vander Reyes\nBautista, de 24 a\u00f1os de edad, originario de la comunidad Tesechoacan, municipio\nde Jos\u00e9 Azueta, Veracruz.<\/p>\n\n\n\n<p>Hasta el\nmomento, la Fiscal\u00eda General del Estado no tiene claro el sitio donde fueron\nasesinados; varias de las v\u00edctimas fueron secuestradas inicialmente. <\/p>\n\n\n\n<p>Se trata de\n\u00abuna presunci\u00f3n (que fueran asesinados en Veracruz). Tenemos certeza del\nlugar del hallazgo, pero no encontramos el lugar donde fueron asesinados. <\/p>\n\n\n\n<p>\u201cPor la\ngeograf\u00eda de Oaxaca para salir de Tuxtepec, la \u00faltima poblaci\u00f3n es La Reforma\nde ah\u00ed comienza Veracruz y tras dos horas de carretera vuelve a hacer Oaxaca.\nPor eso la sospecha de que hayan sido asesinados en Veracruz.<\/p>\n\n\n\n<p>\u00abSe\nest\u00e1 tratando de unir todos estos datos y los v\u00ednculos entre las v\u00edctimas para\npoder establecer una l\u00ednea de investigaci\u00f3n\u201d, dijo hoy el vicefiscal Gustavo\nZ\u00fa\u00f1iga a EL UNIVERSAL OAXACA.<\/p>\n","protected":false},"excerpt":{"rendered":"<p>Redacci\u00f3n Oaxaca de Ju\u00e1rez, Oax., a 19 de junio de 2019.- La Vicefiscal\u00eda Regional de&hellip;<\/p>\n","protected":false},"author":2,"featured_media":0,"comment_status":"closed","ping_status":"open","sticky":false,"template":"","format":"standard","meta":{"_lmt_disableupdate":"","_lmt_disable":"","_jetpack_memberships_contains_paid_content":false,"footnotes":""},"categories":[51],"tags":[98,73,99,100],"class_list":["post-1601","post","type-post","status-publish","format-standard","hentry","category-zona-roja","tag-cuenca-del-papaloapan","tag-descuartizados","tag-veracruz","tag-vicefiscalia-regional-de-la-cuenca"],"jetpack_featured_media_url":"","jetpack_sharing_enabled":true,"_links":{"self":[{"href":"https:\/\/zonaroja.com.mx\/index.php?rest_route=\/wp\/v2\/posts\/1601","targetHints":{"allow":["GET"]}}],"collection":[{"href":"https:\/\/zonaroja.com.mx\/index.php?rest_route=\/wp\/v2\/posts"}],"about":[{"href":"https:\/\/zonaroja.com.mx\/index.php?rest_route=\/wp\/v2\/types\/post"}],"author":[{"embeddable":true,"href":"https:\/\/zonaroja.com.mx\/index.php?rest_route=\/wp\/v2\/users\/2"}],"replies":[{"embeddable":true,"href":"https:\/\/zonaroja.com.mx\/index.php?rest_route=%2Fwp%2Fv2%2Fcomments&post=1601"}],"version-history":[{"count":2,"href":"https:\/\/zonaroja.com.mx\/index.php?rest_route=\/wp\/v2\/posts\/1601\/revisions"}],"predecessor-version":[{"id":1627,"href":"https:\/\/zonaroja.com.mx\/index.php?rest_route=\/wp\/v2\/posts\/1601\/revisions\/1627"}],"wp:attachment":[{"href":"https:\/\/zonaroja.com.mx\/index.php?rest_route=%2Fwp%2Fv2%2Fmedia&parent=1601"}],"wp:term":[{"taxonomy":"category","embeddable":true,"href":"https:\/\/zonaroja.com.mx\/index.php?rest_route=%2Fwp%2Fv2%2Fcategories&post=1601"},{"taxonomy":"post_tag","embeddable":true,"href":"https:\/\/zonaroja.com.mx\/index.php?rest_route=%2Fwp%2Fv2%2Ftags&post=1601"}],"curies":[{"name":"wp","href":"https:\/\/api.w.org\/{rel}","templated":true}]}}