{"id":16012,"date":"2020-08-08T07:20:31","date_gmt":"2020-08-08T12:20:31","guid":{"rendered":"http:\/\/www.zonaroja.com.mx\/?p=16012"},"modified":"2020-08-08T07:20:39","modified_gmt":"2020-08-08T12:20:39","slug":"busca-congreso-crear-registro-estatal-de-agresores-sexuales-y-trata","status":"publish","type":"post","link":"https:\/\/zonaroja.com.mx\/?p=16012","title":{"rendered":"Busca Congreso crear Registro Estatal de Agresores Sexuales y Trata"},"content":{"rendered":"\n<p>Redacci\u00f3n\/Zona Roja.<\/p>\n\n\n\n<p>Oaxaca de Ju\u00e1rez, Oax. 8 de agosto de\n2020.- La diputada Elisa Zepeda present\u00f3 al Congreso Local, la iniciativa de\nreforma con proyecto de decreto a la Ley de los Derechos de Ni\u00f1as, Ni\u00f1os y\nAdolescentes del Estado de Oaxaca, con la que se propone crear el Registro\nEstatal de Agresores Sexuales y Trata Cometidos Contra Menores de Edad.<\/p>\n\n\n\n<p>Lo anterior, con el objetivo de crear\nun mecanismo que permita detectar de forma \u00e1gil y oportuna, la&nbsp; manera en que operan los criminales y&nbsp; responsables de agresores sexuales de&nbsp; menores de edad. <\/p>\n\n\n\n<p>As\u00ed como las condiciones y lugares de\nmayor incidencia delictiva, al Sistema Local de Protecci\u00f3n Integral de los\nDerechos de las Ni\u00f1as, Ni\u00f1os y Adolescentes (Sipinna).<\/p>\n\n\n\n<p>La proposici\u00f3n legislativa promovida e\nimpulsada por la diputada morenista, Elisa Zepeda, a\u00f1ade que el Registro\nEstatal de Agresores Sexuales y Trata Cometidos Contra Menores de Edad, deber\u00e1\nconcentrar informaci\u00f3n precisa del inculpado: nombre, sobrenombre, seud\u00f3nimo o\napodo, domicilio actual, Clave \u00danica del Registro de Poblaci\u00f3n (Curp),\nfiliaci\u00f3n, se\u00f1as particulares, entre otros datos.<\/p>\n\n\n\n<p>Expone que ser\u00e1n la Secretar\u00eda de\nSeguridad P\u00fablica, la Fiscal\u00eda General del Estado y el Tribunal Superior de\nJusticia las que proporcionar\u00e1n la informaci\u00f3n necesaria a la Secretar\u00eda\nEjecutiva del Sistema local a fin de mantener actualizado el Registro Estatal.<\/p>\n\n\n\n<p>Se establece adem\u00e1s&nbsp; que la informaci\u00f3n recabada ser\u00e1 publicada\npor Sipinna, a trav\u00e9s del portal electr\u00f3nico con el que cuenta, apegada a los\nt\u00e9rminos de esta ley, antes mencionados y la Ley de Transparencia y Acceso a la\nInformaci\u00f3n P\u00fablica del Estado de Oaxaca.<\/p>\n\n\n\n<p>La diputada Elisa Zepeda indic\u00f3 que\nactualmente en la ley estatal, no existe una plataforma estad\u00edstica e\ninformaci\u00f3n de datos de los sentenciados por los delitos de violencia sexual y\nde trata cometidos en contra de las ni\u00f1as, ni\u00f1os y adolescentes; en el que las\npersonas puedan conocer la informaci\u00f3n de hombres y mujeres, que hayan que\nhayan cometido alguna agresi\u00f3n de \u00edndole sexual y del delito de trata.<\/p>\n\n\n\n<p>Se\u00f1al\u00f3 que proteger a las ni\u00f1as y ni\u00f1os\nv\u00edctimas de la trata requiere identificar a las v\u00edctimas a tiempo, ubic\u00e1ndolos\nen un entorno seguro, brind\u00e1ndoles servicios sociales, de salud, de apoyo\npsicosocial y de reintegraci\u00f3n con la familia y la comunidad.<\/p>\n\n\n\n<p>La propuesta legislativa por la que se\nreforman&nbsp; los art\u00edculos: 108,&nbsp; 125 Bis, 125 Ter, 125 Qu\u00e1ter, 125 Quinquies Y\n125 Sexeis&nbsp; de la Ley de los Derechos de\nNi\u00f1as, Ni\u00f1os y Adolescentes del Estado de Oaxaca, se turn\u00f3 a la Comisi\u00f3n\nPermanente del Congreso Local correspondiente para su an\u00e1lisis y dictamen.<\/p>\n","protected":false},"excerpt":{"rendered":"<p>Redacci\u00f3n\/Zona Roja. Oaxaca de Ju\u00e1rez, Oax. 8 de agosto de 2020.- La diputada Elisa Zepeda&hellip;<\/p>\n","protected":false},"author":2,"featured_media":16013,"comment_status":"closed","ping_status":"open","sticky":false,"template":"","format":"standard","meta":{"_lmt_disableupdate":"","_lmt_disable":"","_jetpack_memberships_contains_paid_content":false,"footnotes":""},"categories":[109,46],"tags":[215],"class_list":["post-16012","post","type-post","status-publish","format-standard","has-post-thumbnail","hentry","category-minuto-a-minuto","category-zona-blanca","tag-elisa-zepeda-lagunas"],"jetpack_featured_media_url":"https:\/\/zonaroja.com.mx\/wp-content\/uploads\/2020\/08\/Busca-Elisa-Zepedacrear-el-Registro-Estatal-de-Agresores-Sexuales-y-Trata-Cometidos-ContraMenores-de-Edad.jpeg","jetpack_sharing_enabled":true,"_links":{"self":[{"href":"https:\/\/zonaroja.com.mx\/index.php?rest_route=\/wp\/v2\/posts\/16012","targetHints":{"allow":["GET"]}}],"collection":[{"href":"https:\/\/zonaroja.com.mx\/index.php?rest_route=\/wp\/v2\/posts"}],"about":[{"href":"https:\/\/zonaroja.com.mx\/index.php?rest_route=\/wp\/v2\/types\/post"}],"author":[{"embeddable":true,"href":"https:\/\/zonaroja.com.mx\/index.php?rest_route=\/wp\/v2\/users\/2"}],"replies":[{"embeddable":true,"href":"https:\/\/zonaroja.com.mx\/index.php?rest_route=%2Fwp%2Fv2%2Fcomments&post=16012"}],"version-history":[{"count":1,"href":"https:\/\/zonaroja.com.mx\/index.php?rest_route=\/wp\/v2\/posts\/16012\/revisions"}],"predecessor-version":[{"id":16014,"href":"https:\/\/zonaroja.com.mx\/index.php?rest_route=\/wp\/v2\/posts\/16012\/revisions\/16014"}],"wp:featuredmedia":[{"embeddable":true,"href":"https:\/\/zonaroja.com.mx\/index.php?rest_route=\/wp\/v2\/media\/16013"}],"wp:attachment":[{"href":"https:\/\/zonaroja.com.mx\/index.php?rest_route=%2Fwp%2Fv2%2Fmedia&parent=16012"}],"wp:term":[{"taxonomy":"category","embeddable":true,"href":"https:\/\/zonaroja.com.mx\/index.php?rest_route=%2Fwp%2Fv2%2Fcategories&post=16012"},{"taxonomy":"post_tag","embeddable":true,"href":"https:\/\/zonaroja.com.mx\/index.php?rest_route=%2Fwp%2Fv2%2Ftags&post=16012"}],"curies":[{"name":"wp","href":"https:\/\/api.w.org\/{rel}","templated":true}]}}