{"id":16026,"date":"2020-08-08T12:26:40","date_gmt":"2020-08-08T17:26:40","guid":{"rendered":"http:\/\/www.zonaroja.com.mx\/?p=16026"},"modified":"2020-08-08T12:26:43","modified_gmt":"2020-08-08T17:26:43","slug":"fuerte-lluvia-colapsa-puente-en-la-costa-y-deja-incomunicada-a-poblacion","status":"publish","type":"post","link":"https:\/\/zonaroja.com.mx\/?p=16026","title":{"rendered":"Fuerte lluvia colapsa puente en la Costa y deja incomunicada a poblaci\u00f3n"},"content":{"rendered":"\n<p>Yuridiana Sosa\/Zona Roja.<\/p>\n\n\n\n<p>Oaxaca de Ju\u00e1rez, Oax., 8 de agosto de\n2020.-&nbsp; La intensa lluvia provocada por\nla Onda Tropical n\u00famero 25, que impacta al estado de Oaxaca, dej\u00f3 entre los\nprimeros da\u00f1os reportados, el colapso de un puente en el municipio de San\nAntonio Tepetlapa, en la regi\u00f3n de la Costa.<\/p>\n\n\n\n<p>Autoridades informaron que la fuerza\npluvial destruy\u00f3 la parte central del puente sobre el arroyo \u201cLe\u00f3n\u201d, lo que\nincomunica a cientos de habitantes, principalmente las residentes entre la\ncabecera municipal y la agencia de San Pedro Tulixtlahuaca.<\/p>\n\n\n\n<p>Motivo por el que solicitaron la\nintervenci\u00f3n urgente de la Coordinaci\u00f3n Estatal de Protecci\u00f3n Civil, as\u00ed como\nde las autoridades correspondientes, para la reconstrucci\u00f3n de esta v\u00eda de\nvital importancia para la poblaci\u00f3n.<\/p>\n\n\n\n<p>El alcalde \u00fanico, Pedro Leonardo\nAgust\u00edn Garc\u00eda, manifest\u00f3 que frente a la contingencia sanitaria es\nindispensable mantener accesibles sus caminos, esencialmente para el traslado\nde enfermos.<\/p>\n\n\n\n<p>Por el colapso del puente qued\u00f3\nsuspendido el servicio de transporte p\u00fablico, al igual que el tr\u00e1nsito\nvehicular desde la Carretera Federal 125 Pinotepa-Cacahuatepec, en la\ndesviaci\u00f3n de la comunidad Lim\u00f3n Ixcapa.<\/p>\n\n\n\n<p>Por su parte, autoridades de Protecci\u00f3n\nCivil y la Comisi\u00f3n Nacional del Agua informaron que para este s\u00e1bado la Onda Tropical\nn\u00famero 25 seguir\u00e1 ocasionando lluvias en el territorio oaxaque\u00f1os, con\nintensidad extraordinaria sobre la l\u00ednea de las regiones de la Costa, Sierra\nSur y Mixteca, sin descartar lluvias con actividad el\u00e9ctrica en Valles\nCentrales, Istmo y Cuenca.<\/p>\n","protected":false},"excerpt":{"rendered":"<p>Yuridiana Sosa\/Zona Roja. Oaxaca de Ju\u00e1rez, Oax., 8 de agosto de 2020.-&nbsp; La intensa lluvia&hellip;<\/p>\n","protected":false},"author":2,"featured_media":16027,"comment_status":"closed","ping_status":"open","sticky":false,"template":"","format":"standard","meta":{"_lmt_disableupdate":"","_lmt_disable":"","_jetpack_memberships_contains_paid_content":false,"footnotes":""},"categories":[109,47],"tags":[1902],"class_list":["post-16026","post","type-post","status-publish","format-standard","has-post-thumbnail","hentry","category-minuto-a-minuto","category-zona-gris","tag-san-antonio-tepetlapa"],"jetpack_featured_media_url":"https:\/\/zonaroja.com.mx\/wp-content\/uploads\/2020\/08\/Tepetlapa.jpg","jetpack_sharing_enabled":true,"_links":{"self":[{"href":"https:\/\/zonaroja.com.mx\/index.php?rest_route=\/wp\/v2\/posts\/16026","targetHints":{"allow":["GET"]}}],"collection":[{"href":"https:\/\/zonaroja.com.mx\/index.php?rest_route=\/wp\/v2\/posts"}],"about":[{"href":"https:\/\/zonaroja.com.mx\/index.php?rest_route=\/wp\/v2\/types\/post"}],"author":[{"embeddable":true,"href":"https:\/\/zonaroja.com.mx\/index.php?rest_route=\/wp\/v2\/users\/2"}],"replies":[{"embeddable":true,"href":"https:\/\/zonaroja.com.mx\/index.php?rest_route=%2Fwp%2Fv2%2Fcomments&post=16026"}],"version-history":[{"count":1,"href":"https:\/\/zonaroja.com.mx\/index.php?rest_route=\/wp\/v2\/posts\/16026\/revisions"}],"predecessor-version":[{"id":16028,"href":"https:\/\/zonaroja.com.mx\/index.php?rest_route=\/wp\/v2\/posts\/16026\/revisions\/16028"}],"wp:featuredmedia":[{"embeddable":true,"href":"https:\/\/zonaroja.com.mx\/index.php?rest_route=\/wp\/v2\/media\/16027"}],"wp:attachment":[{"href":"https:\/\/zonaroja.com.mx\/index.php?rest_route=%2Fwp%2Fv2%2Fmedia&parent=16026"}],"wp:term":[{"taxonomy":"category","embeddable":true,"href":"https:\/\/zonaroja.com.mx\/index.php?rest_route=%2Fwp%2Fv2%2Fcategories&post=16026"},{"taxonomy":"post_tag","embeddable":true,"href":"https:\/\/zonaroja.com.mx\/index.php?rest_route=%2Fwp%2Fv2%2Ftags&post=16026"}],"curies":[{"name":"wp","href":"https:\/\/api.w.org\/{rel}","templated":true}]}}