{"id":16029,"date":"2020-08-08T16:19:03","date_gmt":"2020-08-08T21:19:03","guid":{"rendered":"http:\/\/www.zonaroja.com.mx\/?p=16029"},"modified":"2020-08-08T16:19:09","modified_gmt":"2020-08-08T21:19:09","slug":"denuncian-trato-violento-a-mujeres-en-tiendas-departamentales","status":"publish","type":"post","link":"https:\/\/zonaroja.com.mx\/?p=16029","title":{"rendered":"Denuncian trato violento a mujeres en tiendas departamentales"},"content":{"rendered":"\n<p>Evlin Arag\u00f3n\/Zona Roja.<\/p>\n\n\n\n<p>Oaxaca de Ju\u00e1rez, Oax., 8 de agosto de\n2020.- La presidenta del Grupo de Estudios sobre la Mujer \u201cRosario Castellano\u201d,\nAng\u00e9lica Ayala Ortiz, asegur\u00f3 que la pandemia por Covid-19 impacta de manera\nm\u00e1s grave a las mujeres, ni\u00f1as y ni\u00f1os como resultado de las medidas de\nconfinamiento que no contemplan sus condiciones y necesidades.&nbsp; <\/p>\n\n\n\n<p>Como ejemplo de lo anterior, la\ndenuncia p\u00fablica que hiciera una mujer al manifestar que el pasado 19 de julio\nfue violentada por personal de seguridad de la tienda WalMart al intentar\nsacarla por la fuerza mientras sosten\u00eda a su beb\u00e9 con un rebozo frente a\nella.&nbsp; <\/p>\n\n\n\n<p>Pese a que argument\u00f3 que necesitaba\nabastecerse de productos de higiene personal y no ten\u00eda con quien dejar a su\nhijo, la mujer no fue escuchada y fue sacada a gritos, empujones y jaloneos por\npersonal de seguridad y gerentes del establecimiento, de acuerdo con la\ndenuncia que fue firmada por m\u00e1s de cien mujeres en respaldo. <\/p>\n\n\n\n<p>Para la titular del GesMujer, es\nindignante y discriminatorio el trato que le dio a la madre de familia, hecho\nque dijo ejemplifica la falta de sensibilidad por parte del personal de\nempresa, quienes atentaron contra la integridad f\u00edsica y psicol\u00f3gica de la\nmujer y pusieron en riesgo a un beb\u00e9, bajo el argumento de seguir las medidas\nsanitaria que invisibilizan las necesidades de las mujeres.&nbsp; <\/p>\n\n\n\n<p>\u201cLa pandemia por la COVID-19 nos ha\nmostrado, una vez m\u00e1s, que el impacto les afecta de manera m\u00e1s grave a las\nmujeres, las ni\u00f1as y los ni\u00f1os, como resultado de las medidas de confinamiento\nque no contemplan sus condiciones y necesidades\u201d, refiri\u00f3 en breve\ncomunicado.&nbsp; <\/p>\n\n\n\n<p>Por lo anterior pidi\u00f3 la reparaci\u00f3n del\nda\u00f1o, que por ley corresponda, para la mujer que enfrent\u00f3 la violencia en dicho\ncentro comercial; una declaraci\u00f3n p\u00fablica de WalMart, un compromiso de no\nrepetici\u00f3n, as\u00ed como la implementaci\u00f3n de acciones que permitan que las mujeres\nque por necesidad acuden con sus hijas e hijos accedan a realizar sus compras,\ncon las medidas de sanidad necesarias. <\/p>\n\n\n\n<p>Explic\u00f3 que las pol\u00edticas p\u00fablicas de\ntrasverzalizaci\u00f3n de la equidad de g\u00e9nero deben contemplar su inclusi\u00f3n en\ntodos los \u00e1mbitos de la vida social, as\u00ed como vigilar su correcta aplicaci\u00f3n a\nfin de salvaguardar los derechos de las mujeres.&nbsp; <\/p>\n\n\n\n<p>\u201cLa llamada nueva normalidad obliga a\nvisibilizar el impacto diferenciado que tiene la Covid-19 en los diversos\nsectores de la poblaci\u00f3n, por lo que es urgente la definici\u00f3n de estrategias\nque permitan a las mujeres su inclusi\u00f3n en condiciones de igualdad\u201d, sentenci\u00f3\nla activista.<\/p>\n\n\n\n<p>En el documento previamente difundido,\nlas mujeres denunciaron que los establecimientos han optado por medidas\nsanitarias excluyentes, segregatorias, discriminatorias y que las violentan,\nindic\u00e1ndoles que debemos dejar a nuestros hijos e hijas en la entrada de sus\nespacios o en la zona de paqueter\u00eda y sin ninguna supervisi\u00f3n, exponi\u00e9ndolos de\nm\u00faltiples maneras. <\/p>\n\n\n\n<p>Por lo anterior, exigieron generar\nespacios seguros de compra para las madres que no cuentan con una red de apoyo\ny poder entrar con sus ni\u00f1os, ni\u00f1as o beb\u00e9s; detener al abuso de autoridad y\nque las quejas presentadas por todas las madres sean atendidas inmediatamente;\nas\u00ed como considerar que no todas las mujeres madres tienen acceso a las compras\nen l\u00ednea. <\/p>\n","protected":false},"excerpt":{"rendered":"<p>Evlin Arag\u00f3n\/Zona Roja. Oaxaca de Ju\u00e1rez, Oax., 8 de agosto de 2020.- La presidenta del&hellip;<\/p>\n","protected":false},"author":2,"featured_media":14949,"comment_status":"closed","ping_status":"open","sticky":false,"template":"","format":"standard","meta":{"_lmt_disableupdate":"","_lmt_disable":"","_jetpack_memberships_contains_paid_content":false,"footnotes":""},"categories":[109,47],"tags":[1001],"class_list":["post-16029","post","type-post","status-publish","format-standard","has-post-thumbnail","hentry","category-minuto-a-minuto","category-zona-gris","tag-grupo-de-estudios-sobre-la-mujer-rosario-castellanos"],"jetpack_featured_media_url":"https:\/\/zonaroja.com.mx\/wp-content\/uploads\/2020\/07\/Ang\u00e9lica-Ayala-Ortiz-2.jpg","jetpack_sharing_enabled":true,"_links":{"self":[{"href":"https:\/\/zonaroja.com.mx\/index.php?rest_route=\/wp\/v2\/posts\/16029","targetHints":{"allow":["GET"]}}],"collection":[{"href":"https:\/\/zonaroja.com.mx\/index.php?rest_route=\/wp\/v2\/posts"}],"about":[{"href":"https:\/\/zonaroja.com.mx\/index.php?rest_route=\/wp\/v2\/types\/post"}],"author":[{"embeddable":true,"href":"https:\/\/zonaroja.com.mx\/index.php?rest_route=\/wp\/v2\/users\/2"}],"replies":[{"embeddable":true,"href":"https:\/\/zonaroja.com.mx\/index.php?rest_route=%2Fwp%2Fv2%2Fcomments&post=16029"}],"version-history":[{"count":1,"href":"https:\/\/zonaroja.com.mx\/index.php?rest_route=\/wp\/v2\/posts\/16029\/revisions"}],"predecessor-version":[{"id":16030,"href":"https:\/\/zonaroja.com.mx\/index.php?rest_route=\/wp\/v2\/posts\/16029\/revisions\/16030"}],"wp:featuredmedia":[{"embeddable":true,"href":"https:\/\/zonaroja.com.mx\/index.php?rest_route=\/wp\/v2\/media\/14949"}],"wp:attachment":[{"href":"https:\/\/zonaroja.com.mx\/index.php?rest_route=%2Fwp%2Fv2%2Fmedia&parent=16029"}],"wp:term":[{"taxonomy":"category","embeddable":true,"href":"https:\/\/zonaroja.com.mx\/index.php?rest_route=%2Fwp%2Fv2%2Fcategories&post=16029"},{"taxonomy":"post_tag","embeddable":true,"href":"https:\/\/zonaroja.com.mx\/index.php?rest_route=%2Fwp%2Fv2%2Ftags&post=16029"}],"curies":[{"name":"wp","href":"https:\/\/api.w.org\/{rel}","templated":true}]}}