{"id":16031,"date":"2020-08-08T20:12:15","date_gmt":"2020-08-09T01:12:15","guid":{"rendered":"http:\/\/www.zonaroja.com.mx\/?p=16031"},"modified":"2020-08-08T20:12:20","modified_gmt":"2020-08-09T01:12:20","slug":"piden-sanciones-para-funcionarios-que-se-promocionan-con-la-obra-publica","status":"publish","type":"post","link":"https:\/\/zonaroja.com.mx\/?p=16031","title":{"rendered":"Piden sanciones para funcionarios que se promocionan con la obra p\u00fablica"},"content":{"rendered":"\n<p>Evlin Arag\u00f3n\/Zona Roja.<\/p>\n\n\n\n<p>Oaxaca de Ju\u00e1rez, Oax., 8 de agosto de\n2020.- El diputado local por el Partido del Trabajo, C\u00e9sar Morales Ni\u00f1o,\ninsisti\u00f3 en conminar a las autoridades del Instituto Nacional Electoral (INE) y\nel Instituto Estatal Electoral y de Participaci\u00f3n Ciudadana, a iniciar\nprocedimientos sancionadores en contra de funcionarios que promueven su imagen\nen la inauguraci\u00f3n de obras p\u00fablicas de la entidad. <\/p>\n\n\n\n<p>As\u00ed lo indico en la reciente sesi\u00f3n\nordinaria del Congreso local, donde llam\u00f3 tambi\u00e9n al gobernador de Oaxaca,\nAlejandro Murat Hinojosa, a que deje en claro a sus colaboradores del gabinete\nlegal y ampliado que las obras p\u00fablicas no son producto de la gesti\u00f3n de ning\u00fan\nservidor p\u00fablico estatal o municipal, por lo que hacerse promoci\u00f3n con ella es\nno s\u00f3lo ilegal sino inmoral.&nbsp; <\/p>\n\n\n\n<p>\u201cCada vez se vuelve m\u00e1s com\u00fan que\nfuncionarios del gabinete que acudan alg\u00fan evento de inicio de obra p\u00fablica\nrefieran en sus mensajes que las obra son producto de la gesti\u00f3n de determinada\n\u00e1rea, secretar\u00eda o dependencia del gobierno estatal o incluso llegan al absurdo\nde decir que la gesti\u00f3n fue a t\u00edtulo propio, generando una imagen err\u00f3nea y con\nel claro prop\u00f3sito de posicionarse pol\u00edticamente en el \u00e1nimo de la ciudadan\u00eda\u201d,\nrefiri\u00f3 en tribuna.&nbsp; <\/p>\n\n\n\n<p>Morales Ni\u00f1o detall\u00f3 que recientemente,\nel 14 de julio, en el banderazo de inicio del primer proyecto de obra p\u00fablica a\nejecutar, previsto en el anexo del Decreto 809, funcionarios de Caminos y\nAeropistas de Oaxaca (CAO) y de la Secretar\u00eda de las Infraestructuras se\u00f1alaron\ncomo un triunfo del gobernador la gesti\u00f3n del recurso para construcci\u00f3n de los\ntramites carreteros e instruyeron a las autoridades municipales que realizaran\nel agradecimiento p\u00fablico al mandatario.&nbsp;\n<\/p>\n\n\n\n<p>Lo anterior a sabiendas que el recurso\nse aval\u00f3 al interior del Congreso local como parte del refinanciamiento p\u00fablico\npara la entidad y en beneficio de las y los oaxaque\u00f1os, por lo que ning\u00fan\nfuncionario deber\u00eda estar haciendo uso de ello para posicionarse\npol\u00edticamente.&nbsp; <\/p>\n\n\n\n<p>\u201cMentirle al pueblo o tergiversar la\nverdad son actos de corrupci\u00f3n pol\u00edtica que no pueden ser toleradas en esta\netapa de transformaci\u00f3n de la naci\u00f3n \u201c, se\u00f1al\u00f3 el diputado local.&nbsp; <\/p>\n\n\n\n<p>As\u00ed mismo, record\u00f3 las irregularidades\nque se han registrado en torno a la obra p\u00fablica, misma que deben atenderse por\nla autoridad estatal que las ejecuta en estos momentos; de forma particular\npuntualiz\u00f3 en la contrataci\u00f3n de empresas fantasmas boletinadas por el SAT,\nacci\u00f3n que lament\u00f3 no pueda ser sancionada por el \u00d3rgano Estatal de\nFiscalizaci\u00f3n, que se deslind\u00f3 de dicha responsabilidad.&nbsp; <\/p>\n\n\n\n<p>Adem\u00e1s, el aumento del presupuesto y\ndesignaci\u00f3n de obra a conveniencia propia como en el caso del mercado de\nTlaxiaco, obra presupuestada con nueve millones de pesos, sin embargo, las\nmejoras solicitadas son menores a los cuatro millones, mismas que no corresponden\na las que han solicitado los comerciantes del lugar. <\/p>\n\n\n\n<p>Tambi\u00e9n de la reducci\u00f3n de metas en\nHuazolotitl\u00e1n, donde la autoridad estatal enga\u00f1\u00f3 al municipio con el n\u00famero de\ncalles a pavimentar, toda vez que en el proyecto inclu\u00edan cuatro y recientemente\nse les inform\u00f3 que el recurso s\u00f3lo alcanzar\u00e1 para tres. <\/p>\n\n\n\n<p>Por lo anterior, el diputado local\npidi\u00f3 que se tomen cartas en torno a las irregularidades que se han registrado\ncon el recurso aprobado para obra p\u00fablica, citadas anteriormente, y se eviten\nactos de corrupci\u00f3n como fue el compromiso reciente del gobernador de Oaxaca,\nAlejandro Murat, quien se\u00f1al\u00f3 que no iba a permitir actos de este tipo en\nperjuicio de la y los oaxaque\u00f1os. <\/p>\n","protected":false},"excerpt":{"rendered":"<p>Evlin Arag\u00f3n\/Zona Roja. Oaxaca de Ju\u00e1rez, Oax., 8 de agosto de 2020.- El diputado local&hellip;<\/p>\n","protected":false},"author":2,"featured_media":16032,"comment_status":"closed","ping_status":"open","sticky":false,"template":"","format":"standard","meta":{"_lmt_disableupdate":"","_lmt_disable":"","_jetpack_memberships_contains_paid_content":false,"footnotes":""},"categories":[109,47],"tags":[612],"class_list":["post-16031","post","type-post","status-publish","format-standard","has-post-thumbnail","hentry","category-minuto-a-minuto","category-zona-gris","tag-cesar-morales-nino"],"jetpack_featured_media_url":"https:\/\/zonaroja.com.mx\/wp-content\/uploads\/2020\/08\/C\u00e9sar-Morales.jpg","jetpack_sharing_enabled":true,"_links":{"self":[{"href":"https:\/\/zonaroja.com.mx\/index.php?rest_route=\/wp\/v2\/posts\/16031","targetHints":{"allow":["GET"]}}],"collection":[{"href":"https:\/\/zonaroja.com.mx\/index.php?rest_route=\/wp\/v2\/posts"}],"about":[{"href":"https:\/\/zonaroja.com.mx\/index.php?rest_route=\/wp\/v2\/types\/post"}],"author":[{"embeddable":true,"href":"https:\/\/zonaroja.com.mx\/index.php?rest_route=\/wp\/v2\/users\/2"}],"replies":[{"embeddable":true,"href":"https:\/\/zonaroja.com.mx\/index.php?rest_route=%2Fwp%2Fv2%2Fcomments&post=16031"}],"version-history":[{"count":1,"href":"https:\/\/zonaroja.com.mx\/index.php?rest_route=\/wp\/v2\/posts\/16031\/revisions"}],"predecessor-version":[{"id":16033,"href":"https:\/\/zonaroja.com.mx\/index.php?rest_route=\/wp\/v2\/posts\/16031\/revisions\/16033"}],"wp:featuredmedia":[{"embeddable":true,"href":"https:\/\/zonaroja.com.mx\/index.php?rest_route=\/wp\/v2\/media\/16032"}],"wp:attachment":[{"href":"https:\/\/zonaroja.com.mx\/index.php?rest_route=%2Fwp%2Fv2%2Fmedia&parent=16031"}],"wp:term":[{"taxonomy":"category","embeddable":true,"href":"https:\/\/zonaroja.com.mx\/index.php?rest_route=%2Fwp%2Fv2%2Fcategories&post=16031"},{"taxonomy":"post_tag","embeddable":true,"href":"https:\/\/zonaroja.com.mx\/index.php?rest_route=%2Fwp%2Fv2%2Ftags&post=16031"}],"curies":[{"name":"wp","href":"https:\/\/api.w.org\/{rel}","templated":true}]}}