{"id":16034,"date":"2020-08-08T20:46:28","date_gmt":"2020-08-09T01:46:28","guid":{"rendered":"http:\/\/www.zonaroja.com.mx\/?p=16034"},"modified":"2020-08-08T20:48:46","modified_gmt":"2020-08-09T01:48:46","slug":"rector-de-la-uabjo-reitera-llamado-a-gremios-a-revisar-sistema-de-pensiones","status":"publish","type":"post","link":"https:\/\/zonaroja.com.mx\/?p=16034","title":{"rendered":"Rector de la UABJO reitera llamado a gremios a revisar sistema de pensiones"},"content":{"rendered":"\n<p>Redacci\u00f3n\/Zona Roja.<\/p>\n\n\n\n<p>Oaxaca de Ju\u00e1rez, Oax., 8 de agosto de\n2020.- En el marco de la sesi\u00f3n extraordinaria del comit\u00e9 de Saneamiento y\nAtenci\u00f3n Financiera de la Universidad Aut\u00f3noma \u201cBenito Ju\u00e1rez\u201d de Oaxaca\n(UABJO), el rector Eduardo Bautista Mart\u00ednez reiter\u00f3 su llamado a los\nsindicatos a revisar el sistema de pensiones.<\/p>\n\n\n\n<p>De acuerdo con un comunicado de prensa,\ndurante la reuni\u00f3n se present\u00f3 un an\u00e1lisis del Proyecto del Sistema de\nPensiones y Jubilaciones, sobre la base de las nuevas disposiciones federales.<\/p>\n\n\n\n<p>Al respecto, el rector destac\u00f3 que hay\nun gran trabajo de coordinaci\u00f3n en cuanto a las iniciativas de saneamiento y\natenci\u00f3n a problemas estructurales. Sin embargo, el tema de jubilaciones es un\ngran pendiente.<\/p>\n\n\n\n<p>\u201cSeguiremos la ruta de trabajo y\nactuar\u00e9 con el m\u00e1ximo de responsabilidad hasta el \u00faltimo d\u00eda al frente de la\nadministraci\u00f3n, procurando siempre el avance de las gestiones y del\npresupuesto\u201d, afirm\u00f3.<\/p>\n\n\n\n<p>El comit\u00e9 explic\u00f3 que el personal\njubilado representa el 30 por ciento en el pago de la n\u00f3mina, mismo que se\neroga del presupuesto anual ordinario.<\/p>\n\n\n\n<p>Ante tal situaci\u00f3n, los integrantes coincidieron\nen la falta y la urgencia de contar con un Sistema de Pensiones y Jubilaciones,\nsumado a la necesidad del reconocimiento de plantilla docente, as\u00ed como la\nactualizaci\u00f3n y adecuaci\u00f3n del convenio financiero estatal y federal anual.<\/p>\n\n\n\n<p>En el caso de las jubilaciones, en 2019\nse present\u00f3 el proyecto ante el Consejo Universitario y se sostuvieron\nreuniones con representantes de las \u00e1reas administrativas, acad\u00e9micas y\nsindicales a fin de conocerlo y aportar opiniones, a la fecha no ha sido\naprobado. <\/p>\n\n\n\n<p>Sin embargo, la informaci\u00f3n puede ser consultada en http:\/\/www.uabjo.mx\/pensiones.<\/p>\n\n\n\n<figure class=\"wp-block-embed-twitter wp-block-embed is-type-rich is-provider-twitter\"><div class=\"wp-block-embed__wrapper\">\n<div class=\"twitter-tweet\"><blockquote class=\"twitter-tweet\" data-lang=\"es\"><p lang=\"es\" dir=\"ltr\">El \u00f3rgano colegiado presidido por el rector <a href=\"https:\/\/twitter.com\/Bautistaeduardo?ref_src=twsrc%5Etfw\">@Bautistaeduardo<\/a>, abord\u00f3 diversos temas: informe de avances a procesos de auditor\u00eda, revisi\u00f3n de lineamientos de austeridad 2020 y acuerdo para continuidad, reanudaci\u00f3n de actividades siguiendo recomendaciones de autoridades de salud. <a href=\"https:\/\/t.co\/bxr5Lh47RQ\">pic.twitter.com\/bxr5Lh47RQ<\/a><\/p>&mdash; Comunicaci\u00f3nUABJO (@comunica_UABJO) <a href=\"https:\/\/twitter.com\/comunica_UABJO\/status\/1291824969152974849?ref_src=twsrc%5Etfw\">7 de agosto de 2020<\/a><\/blockquote><\/div>\n<\/div><\/figure>\n\n\n\n<p>Por otra parte, como parte de las\nactividades esenciales, atendiendo los protocolos sanitarios correspondientes, el\n\u00f3rgano colegiado presidido por Bautista Mart\u00ednez, abord\u00f3 diversos temas entre\nlos que destacan: cierre del ejercicio fiscal 2019, informe de avances sobre\nlos procesos de auditor\u00eda y revisi\u00f3n de lineamientos de austeridad 2020.<\/p>\n\n\n\n<p>Durante este encuentro se present\u00f3 un\nacuerdo preliminar para la continuidad y reanudaci\u00f3n de actividades acad\u00e9micas\ny administrativas, mismo que en pr\u00f3ximos d\u00edas ser\u00e1 publicado de manera oficial.<\/p>\n\n\n\n<p>Este documento prev\u00e9 la atenci\u00f3n\nadministrativa a partir del 24 de agosto v\u00eda remota, a trav\u00e9s de las\nTecnolog\u00edas de la Informaci\u00f3n y Comunicaci\u00f3n y el 7 de septiembre el inicio de\nactividades escolares a distancia, correspondientes al ciclo 2020-2021.<\/p>\n\n\n\n<p>Lo anterior con estricto apego a los\nacuerdos emitidos por los gobiernos federal y estatal, el Consejo Universitario\ny la comisi\u00f3n T\u00e9cnica de Medidas de Salud de Salud (CTS) de la propia\ninstituci\u00f3n, ante la contingencia derivada del virus SARS CoV- 2 Covid 19.<\/p>\n","protected":false},"excerpt":{"rendered":"<p>Redacci\u00f3n\/Zona Roja. Oaxaca de Ju\u00e1rez, Oax., 8 de agosto de 2020.- En el marco de&hellip;<\/p>\n","protected":false},"author":2,"featured_media":16035,"comment_status":"closed","ping_status":"open","sticky":false,"template":"","format":"standard","meta":{"_lmt_disableupdate":"","_lmt_disable":"","_jetpack_memberships_contains_paid_content":false,"footnotes":""},"categories":[109,46],"tags":[360],"class_list":["post-16034","post","type-post","status-publish","format-standard","has-post-thumbnail","hentry","category-minuto-a-minuto","category-zona-blanca","tag-rector-eduardo-bautista-martinez"],"jetpack_featured_media_url":"https:\/\/zonaroja.com.mx\/wp-content\/uploads\/2020\/08\/2-1.jpg","jetpack_sharing_enabled":true,"_links":{"self":[{"href":"https:\/\/zonaroja.com.mx\/index.php?rest_route=\/wp\/v2\/posts\/16034","targetHints":{"allow":["GET"]}}],"collection":[{"href":"https:\/\/zonaroja.com.mx\/index.php?rest_route=\/wp\/v2\/posts"}],"about":[{"href":"https:\/\/zonaroja.com.mx\/index.php?rest_route=\/wp\/v2\/types\/post"}],"author":[{"embeddable":true,"href":"https:\/\/zonaroja.com.mx\/index.php?rest_route=\/wp\/v2\/users\/2"}],"replies":[{"embeddable":true,"href":"https:\/\/zonaroja.com.mx\/index.php?rest_route=%2Fwp%2Fv2%2Fcomments&post=16034"}],"version-history":[{"count":2,"href":"https:\/\/zonaroja.com.mx\/index.php?rest_route=\/wp\/v2\/posts\/16034\/revisions"}],"predecessor-version":[{"id":16038,"href":"https:\/\/zonaroja.com.mx\/index.php?rest_route=\/wp\/v2\/posts\/16034\/revisions\/16038"}],"wp:featuredmedia":[{"embeddable":true,"href":"https:\/\/zonaroja.com.mx\/index.php?rest_route=\/wp\/v2\/media\/16035"}],"wp:attachment":[{"href":"https:\/\/zonaroja.com.mx\/index.php?rest_route=%2Fwp%2Fv2%2Fmedia&parent=16034"}],"wp:term":[{"taxonomy":"category","embeddable":true,"href":"https:\/\/zonaroja.com.mx\/index.php?rest_route=%2Fwp%2Fv2%2Fcategories&post=16034"},{"taxonomy":"post_tag","embeddable":true,"href":"https:\/\/zonaroja.com.mx\/index.php?rest_route=%2Fwp%2Fv2%2Ftags&post=16034"}],"curies":[{"name":"wp","href":"https:\/\/api.w.org\/{rel}","templated":true}]}}