{"id":16043,"date":"2020-08-08T21:39:56","date_gmt":"2020-08-09T02:39:56","guid":{"rendered":"http:\/\/www.zonaroja.com.mx\/?p=16043"},"modified":"2020-08-08T21:42:35","modified_gmt":"2020-08-09T02:42:35","slug":"respaldan-abogados-oaxaquenos-a-evencio-nicolas-martinez","status":"publish","type":"post","link":"https:\/\/zonaroja.com.mx\/?p=16043","title":{"rendered":"Respaldan abogados oaxaque\u00f1os a Evencio Nicol\u00e1s Mart\u00ednez"},"content":{"rendered":"\n<p>Redacci\u00f3n\/Zona Roja.<\/p>\n\n\n\n<p>Oaxaca de Ju\u00e1rez, Oax., 8 de agosto de\n2020.- Sin confirmaci\u00f3n oficial de la aprehensi\u00f3n o si contin\u00faa en libertad, el\nex procurador de Justicia de Oaxaca, Evencio Nicol\u00e1s Mart\u00ednez Ram\u00edrez, recibi\u00f3\nel respaldo de abogados oaxaque\u00f1os, de catedr\u00e1ticos y de sus ex compa\u00f1eros en\nla Universidad Aut\u00f3noma \u201cBenito Ju\u00e1rez\u201d de Oaxaca.<\/p>\n\n\n\n<p>Fernando Barrita L\u00f3pez, Abraham\nMart\u00ednez Alavez, Evelio Bautista Torres, Roberto Pedro Mart\u00ednez Ortiz, Antonio\nAquino Arag\u00f3n, Luis de Guadalupe Mart\u00ednez, No\u00e9 Matus Romualdo, Oscar\nCastillejos Rodr\u00edguez, Magdiel Hern\u00e1ndez Caballero, Celestino Guzm\u00e1n Rodr\u00edguez,\nson algunos juristas que se solidarizaron con el ex funcionario.<\/p>\n\n\n\n<p>\u201cNos pronunciamos abonando a su probidad\ncomo estudiante egresado y catedr\u00e1tico de la UABJO, comportamiento que continu\u00f3\nobservando como funcionario p\u00fablico y en el seno de su vida privada.<\/p>\n\n\n\n<p>\u201cEn consecuencia, nos solidarizamos con su familia, sus compa\u00f1eros de aula en la docencia y las incontables generaciones de disc\u00edpulos a su cargo; le patentizamos nuestro respaldo formulando votos porque el Estado de Derecho que siempre ha propagado como jurista, resulte avante en estos momentos aciagos para su seguridad personal, familiar y profesional\u201d, difundieron en un manifiesto.<\/p>\n\n\n\n<figure class=\"wp-block-image\"><img decoding=\"async\" width=\"1024\" height=\"681\" src=\"http:\/\/www.zonaroja.com.mx\/wp-content\/uploads\/2020\/08\/Apoyo-a-Evencio-Nicol\u00e1s-1024x681.jpg\" alt=\"\" class=\"wp-image-16044\" srcset=\"https:\/\/zonaroja.com.mx\/wp-content\/uploads\/2020\/08\/Apoyo-a-Evencio-Nicol\u00e1s-1024x681.jpg 1024w, https:\/\/zonaroja.com.mx\/wp-content\/uploads\/2020\/08\/Apoyo-a-Evencio-Nicol\u00e1s-300x199.jpg 300w, https:\/\/zonaroja.com.mx\/wp-content\/uploads\/2020\/08\/Apoyo-a-Evencio-Nicol\u00e1s-768x511.jpg 768w, https:\/\/zonaroja.com.mx\/wp-content\/uploads\/2020\/08\/Apoyo-a-Evencio-Nicol\u00e1s-1170x778.jpg 1170w, https:\/\/zonaroja.com.mx\/wp-content\/uploads\/2020\/08\/Apoyo-a-Evencio-Nicol\u00e1s-585x389.jpg 585w, https:\/\/zonaroja.com.mx\/wp-content\/uploads\/2020\/08\/Apoyo-a-Evencio-Nicol\u00e1s-263x175.jpg 263w, https:\/\/zonaroja.com.mx\/wp-content\/uploads\/2020\/08\/Apoyo-a-Evencio-Nicol\u00e1s.jpg 1280w\" sizes=\"(max-width: 1024px) 100vw, 1024px\" \/><\/figure>\n\n\n\n<p>Por su parte, miembros de la generaci\u00f3n\n1986-1991 en la Facultad de Derecho, que lleva el nombre de quien la Fiscal\u00eda\nGeneral de la Rep\u00fablica tiene librada una orden de aprehensi\u00f3n, tambi\u00e9n\nmostraron su solidaridad.<\/p>\n\n\n\n<p>\u201cNuestro respeto, reconocimiento y\ntotal respaldo, al doctor Evencio Nicol\u00e1s Mart\u00ednez Ram\u00edrez como maestro\nuniversitario, tutor acad\u00e9mico, asesor de tesis y formados de muchas\ngeneraciones de licenciados en Derecho cr\u00edticos y con los m\u00e1s altos valores.<\/p>\n\n\n\n<p>\u201cAl ex procurador general de Justicia del Estado de Oaxaca, le pedimos responda a los se\u00f1alamientos p\u00fablicos y legales con el decoro y la calidad moral que le caracteriza y el respeto sobre las decisiones y responsabilidades que ejerci\u00f3 en la funci\u00f3n p\u00fablica\u201d, expusieron.<\/p>\n\n\n\n<p>El pasado jueves por la noche se dio a conocer la liberaci\u00f3n de al menos ocho \u00f3rdenes de aprehensi\u00f3n, en contra de Mart\u00ednez Ram\u00edrez; de Daniel Camarena Flores y de seis elementos de la Fiscal\u00eda General del Estado de Oaxaca, por su probable responsabilidad en el delito de desaparici\u00f3n forzada de dos miembros del Ej\u00e9rcito Popular Revolucionario, ocurrido en mayo del 2007.<\/p>\n","protected":false},"excerpt":{"rendered":"<p>Redacci\u00f3n\/Zona Roja. Oaxaca de Ju\u00e1rez, Oax., 8 de agosto de 2020.- Sin confirmaci\u00f3n oficial de&hellip;<\/p>\n","protected":false},"author":2,"featured_media":16045,"comment_status":"closed","ping_status":"open","sticky":false,"template":"","format":"standard","meta":{"_lmt_disableupdate":"","_lmt_disable":"","_jetpack_memberships_contains_paid_content":false,"footnotes":""},"categories":[109,47],"tags":[1895],"class_list":["post-16043","post","type-post","status-publish","format-standard","has-post-thumbnail","hentry","category-minuto-a-minuto","category-zona-gris","tag-evencio-nicolas-martinez-ramirez"],"jetpack_featured_media_url":"https:\/\/zonaroja.com.mx\/wp-content\/uploads\/2020\/08\/Evencio-Nicol\u00e1s-Mart\u00ednez-3.jpg","jetpack_sharing_enabled":true,"_links":{"self":[{"href":"https:\/\/zonaroja.com.mx\/index.php?rest_route=\/wp\/v2\/posts\/16043","targetHints":{"allow":["GET"]}}],"collection":[{"href":"https:\/\/zonaroja.com.mx\/index.php?rest_route=\/wp\/v2\/posts"}],"about":[{"href":"https:\/\/zonaroja.com.mx\/index.php?rest_route=\/wp\/v2\/types\/post"}],"author":[{"embeddable":true,"href":"https:\/\/zonaroja.com.mx\/index.php?rest_route=\/wp\/v2\/users\/2"}],"replies":[{"embeddable":true,"href":"https:\/\/zonaroja.com.mx\/index.php?rest_route=%2Fwp%2Fv2%2Fcomments&post=16043"}],"version-history":[{"count":2,"href":"https:\/\/zonaroja.com.mx\/index.php?rest_route=\/wp\/v2\/posts\/16043\/revisions"}],"predecessor-version":[{"id":16047,"href":"https:\/\/zonaroja.com.mx\/index.php?rest_route=\/wp\/v2\/posts\/16043\/revisions\/16047"}],"wp:featuredmedia":[{"embeddable":true,"href":"https:\/\/zonaroja.com.mx\/index.php?rest_route=\/wp\/v2\/media\/16045"}],"wp:attachment":[{"href":"https:\/\/zonaroja.com.mx\/index.php?rest_route=%2Fwp%2Fv2%2Fmedia&parent=16043"}],"wp:term":[{"taxonomy":"category","embeddable":true,"href":"https:\/\/zonaroja.com.mx\/index.php?rest_route=%2Fwp%2Fv2%2Fcategories&post=16043"},{"taxonomy":"post_tag","embeddable":true,"href":"https:\/\/zonaroja.com.mx\/index.php?rest_route=%2Fwp%2Fv2%2Ftags&post=16043"}],"curies":[{"name":"wp","href":"https:\/\/api.w.org\/{rel}","templated":true}]}}