{"id":16048,"date":"2020-08-08T21:49:30","date_gmt":"2020-08-09T02:49:30","guid":{"rendered":"http:\/\/www.zonaroja.com.mx\/?p=16048"},"modified":"2020-08-08T21:49:35","modified_gmt":"2020-08-09T02:49:35","slug":"suma-oaxaca-11-mil-548-contagiados-por-covid-19","status":"publish","type":"post","link":"https:\/\/zonaroja.com.mx\/?p=16048","title":{"rendered":"Suma Oaxaca 11 mil 548 contagiados por Covid-19"},"content":{"rendered":"\n<p>Redacci\u00f3n\/Zona Roja.<\/p>\n\n\n\n<p>Oaxaca de Ju\u00e1rez, Oax. 8 de agosto de\n2020.-Los datos publicados en el Sistema Nacional de Vigilancia Epidemiol\u00f3gica\nse\u00f1alan que en las \u00faltimas 24 horas se han notificado 63 caso de Covid-19, con\nuna cifra total de 11 mil 548 contagios acumulados en el territorio oaxaque\u00f1o,\ninform\u00f3 la dependencia Servicios de Salud de Oaxaca (SSO).<\/p>\n\n\n\n<p>As\u00ed tambi\u00e9n, lament\u00f3 que en el informe\nde este 8 de agosto, 22 personas perdieron la vida a causa de la pandemia, por\nlo que a la fecha se tiene un global de mil 57 perdidas fatales, siendo los\nhombres adultos mayores el grupo con la mayor incidencia.<\/p>\n\n\n\n<p>Dio a conocer que hasta este s\u00e1bado\nsuman 615 pacientes con la infecci\u00f3n en etapa activa, distribuidos en 94\nmunicipios de la entidad, cifra que representa el 16.5% del territorio\noaxaque\u00f1o.<\/p>\n\n\n\n<p>Indic\u00f3 que se han evaluado 17 mil 347\nnotificaciones por asociaci\u00f3n a este padecimiento, y cuatro mil 801 pacientes\nse han descartado a trav\u00e9s de la verificaci\u00f3n del an\u00e1lisis de las muestras por\nlaboratorio.<\/p>\n\n\n\n<p>Sin embargo, detall\u00f3 que los casos\nsospechosos ascendieron a 998 pacientes, quienes presentaron s\u00edntomas\nrelacionados a la patolog\u00eda v\u00edrica, los cuales se encuentran aplicando los\nlineamientos marcados por el sector Salud, hasta descartar o confirmar la\npresencia de padecimiento.<\/p>\n\n\n\n<p>La dependencia del Gobierno del Estado a\u00f1adi\u00f3\nque se han dado de alta m\u00e9dica a nueve mil 876 oaxaque\u00f1as y oaxaque\u00f1os, que\ndieron positivo a la enfermedad, al cumplir los 14 d\u00edas de aislamiento social.<\/p>\n\n\n\n<p>Especific\u00f3 que por Jurisdicciones\nSanitarias la incidencia del nuevo coronavirus se concentra en Valles Centrales\ncon siete mil 587 casos, Tuxtepec con mil 508, el Istmo con mil 152, la Mixteca\ncon 645, la Costa con 464 y la Sierra notific\u00f3 192 contagios.<\/p>\n\n\n\n<p>Record\u00f3 a la poblaci\u00f3n que la entidad\ncontin\u00faa en sem\u00e1foro naranja y que el uso del cubrebocas es obligatorio, adem\u00e1s\nse debe reforzar las acciones de lavado frecuente de manos con agua y jab\u00f3n.<\/p>\n","protected":false},"excerpt":{"rendered":"<p>Redacci\u00f3n\/Zona Roja. Oaxaca de Ju\u00e1rez, Oax. 8 de agosto de 2020.-Los datos publicados en el&hellip;<\/p>\n","protected":false},"author":2,"featured_media":16049,"comment_status":"closed","ping_status":"open","sticky":false,"template":"","format":"standard","meta":{"_lmt_disableupdate":"","_lmt_disable":"","_jetpack_memberships_contains_paid_content":false,"footnotes":""},"categories":[109,47],"tags":[1512],"class_list":["post-16048","post","type-post","status-publish","format-standard","has-post-thumbnail","hentry","category-minuto-a-minuto","category-zona-gris","tag-coronavirus-oaxaca"],"jetpack_featured_media_url":"https:\/\/zonaroja.com.mx\/wp-content\/uploads\/2020\/08\/GR\u00c1FICA-01-1.jpg","jetpack_sharing_enabled":true,"_links":{"self":[{"href":"https:\/\/zonaroja.com.mx\/index.php?rest_route=\/wp\/v2\/posts\/16048","targetHints":{"allow":["GET"]}}],"collection":[{"href":"https:\/\/zonaroja.com.mx\/index.php?rest_route=\/wp\/v2\/posts"}],"about":[{"href":"https:\/\/zonaroja.com.mx\/index.php?rest_route=\/wp\/v2\/types\/post"}],"author":[{"embeddable":true,"href":"https:\/\/zonaroja.com.mx\/index.php?rest_route=\/wp\/v2\/users\/2"}],"replies":[{"embeddable":true,"href":"https:\/\/zonaroja.com.mx\/index.php?rest_route=%2Fwp%2Fv2%2Fcomments&post=16048"}],"version-history":[{"count":1,"href":"https:\/\/zonaroja.com.mx\/index.php?rest_route=\/wp\/v2\/posts\/16048\/revisions"}],"predecessor-version":[{"id":16050,"href":"https:\/\/zonaroja.com.mx\/index.php?rest_route=\/wp\/v2\/posts\/16048\/revisions\/16050"}],"wp:featuredmedia":[{"embeddable":true,"href":"https:\/\/zonaroja.com.mx\/index.php?rest_route=\/wp\/v2\/media\/16049"}],"wp:attachment":[{"href":"https:\/\/zonaroja.com.mx\/index.php?rest_route=%2Fwp%2Fv2%2Fmedia&parent=16048"}],"wp:term":[{"taxonomy":"category","embeddable":true,"href":"https:\/\/zonaroja.com.mx\/index.php?rest_route=%2Fwp%2Fv2%2Fcategories&post=16048"},{"taxonomy":"post_tag","embeddable":true,"href":"https:\/\/zonaroja.com.mx\/index.php?rest_route=%2Fwp%2Fv2%2Ftags&post=16048"}],"curies":[{"name":"wp","href":"https:\/\/api.w.org\/{rel}","templated":true}]}}