{"id":1605,"date":"2019-06-12T17:40:43","date_gmt":"2019-06-12T22:40:43","guid":{"rendered":"http:\/\/www.zonaroja.com.mx\/?p=1605"},"modified":"2019-06-14T09:04:50","modified_gmt":"2019-06-14T14:04:50","slug":"mientras-gobernador-preside-reunion-de-seguridad-ejecutan-a-tres","status":"publish","type":"post","link":"https:\/\/zonaroja.com.mx\/?p=1605","title":{"rendered":"Mientras gobernador preside reuni\u00f3n de seguridad, ejecutan a tres"},"content":{"rendered":"\n<figure class=\"wp-block-image\"><img decoding=\"async\" width=\"1024\" height=\"768\" src=\"http:\/\/www.zonaroja.com.mx\/wp-content\/uploads\/2019\/06\/Ejecutados-Ingenio-1024x768.jpg\" alt=\"\" class=\"wp-image-1606\" srcset=\"https:\/\/zonaroja.com.mx\/wp-content\/uploads\/2019\/06\/Ejecutados-Ingenio-1024x768.jpg 1024w, https:\/\/zonaroja.com.mx\/wp-content\/uploads\/2019\/06\/Ejecutados-Ingenio-300x225.jpg 300w, https:\/\/zonaroja.com.mx\/wp-content\/uploads\/2019\/06\/Ejecutados-Ingenio-768x576.jpg 768w, https:\/\/zonaroja.com.mx\/wp-content\/uploads\/2019\/06\/Ejecutados-Ingenio-1170x878.jpg 1170w, https:\/\/zonaroja.com.mx\/wp-content\/uploads\/2019\/06\/Ejecutados-Ingenio-585x439.jpg 585w, https:\/\/zonaroja.com.mx\/wp-content\/uploads\/2019\/06\/Ejecutados-Ingenio.jpg 1280w\" sizes=\"(max-width: 1024px) 100vw, 1024px\" \/><figcaption>Foto: Especial<\/figcaption><\/figure>\n\n\n\n<p>Redacci\u00f3n<\/p>\n\n\n\n<p>Oaxaca de\nJu\u00e1rez, Oax., a 12 de junio de 2019.- Tres personas fueron ejecutadas a balazos\ncon armas de grueso calibre, en el crucero de la carretera Internacional 190\ncon el acceso a Santo Domingo Ingenio, municipio de la regi\u00f3n del Istmo de\nTehuantepec, ubicado en la zona oriente.<\/p>\n\n\n\n<p>El triple\nhomicidio perpetrado en el interior de una camioneta sucedi\u00f3 este mi\u00e9rcoles\nmientras el gobernador Alejandro Murat Hinojosa presid\u00eda una reuni\u00f3n en materia\nde seguridad, con mandos de la VIII Regi\u00f3n Militar de la Secretar\u00eda de la\nDefensa Nacional (Sedena).<\/p>\n\n\n\n<p>As\u00ed mismo,\ncon la presencia de Karina Bar\u00f3n Ortiz, responsable de la secretar\u00eda T\u00e9cnica de\nla Coordinaci\u00f3n para la Pacificaci\u00f3n de Oaxaca; el secretario de Seguridad,\nJos\u00e9 Raymundo Tu\u00f1\u00f3n, entre otros. En la fotograf\u00eda no se aprecia si asisti\u00f3 el\nfiscal Rub\u00e9n Vasconcelos.<\/p>\n\n\n\n<p>\u201cIniciamos\nactividades realizando una reuni\u00f3n de seguridad; en equipo, los tres \u00f3rdenes de\ngobierno, damos seguimiento puntual a las acciones implementadas para\ngarantizar el bienestar de las y los habitantes de nuestra capital oaxaque\u00f1a\u201d,\nposte\u00f3 el mandatario a las 08:16 horas de hoy.<\/p>\n\n\n\n<p>Mientras\ntanto, casi a esa misma hora se daba el aviso de la localizaci\u00f3n de una\ncamioneta de lujo, con tres cuerpos en el interior, en su mayor\u00eda masacrados a\nbalazos. <\/p>\n\n\n\n<p>De manera\npreliminar, seg\u00fan la Vicefiscal\u00eda Regional del Istmo, las v\u00edctimas fueron\nidentificados como Noel Alberto Cort\u00e9s Rodr\u00edguez, de 40 a\u00f1os de edad; Daniel\nArriaga de Le\u00f3n, de 21 a\u00f1os, y Denison, al parecer originarios de Santo Domingo\nIngenio.<\/p>\n\n\n\n<p>Los hoy\noccisos portaban ropa y equipo semejante al que utiliza el Ej\u00e9rcito Mexicano, as\u00ed\ncomo equipo t\u00e1ctico.<\/p>\n\n\n\n<p>Hasta el\nmomento la Fiscal\u00eda General del Estado no ha emitido un comunicado al respecto\nni ha informado si investigar\u00e1 los hechos; tampoco de la Secretar\u00eda de\nSeguridad P\u00fablica ha habido informaci\u00f3n.<\/p>\n\n\n\n<figure class=\"wp-block-image\"><img decoding=\"async\" src=\"http:\/\/www.zonaroja.com.mx\/wp-content\/uploads\/2019\/06\/Tuit-Murat-634x1024.jpg\" alt=\"\" class=\"wp-image-1607\"\/><\/figure>\n\n\n\n<p>DETIENEN A\nDOS CON ARMAS<\/p>\n\n\n\n<p>El \u00fanico\nbolet\u00edn que emiti\u00f3 esta \u00faltima dependencia, poco despu\u00e9s de la hora de la\nmasacre:<\/p>\n\n\n\n<p>\u201cLos\nocupantes de una camioneta que llevaban tres carabinas y un fusil calibres\nAR-15, un arma larga calibre .223, tres chalecos bal\u00edsticos, ocho cargadores\npara armas de fuego y 198 cartuchos calibre .223, fueron detenidos durante los\npatrullajes conjuntos realizados por la Polic\u00eda Estatal en el municipio de\nPinotepa Nacional, en la regi\u00f3n de la Costa.<\/p>\n\n\n\n<p>\u201cLa\nintervenci\u00f3n policial ocurri\u00f3 a la altura del hotel \u201cLas Gaviotas\u201d, en la\ncolonia Aviaci\u00f3n de esta comunidad, donde el personal uniformado tuvo a la\nvista una camioneta marca Chevrolet, tipo Tracx, color blanco, con placas de\ncirculaci\u00f3n HBJ-130-C del estado de Guerrero y n\u00famero de serie\n3GNDJ7CE6JL212664, a la que junto con sus tripulantes le fue realizada una\ninspecci\u00f3n preventiva.<\/p>\n\n\n\n<p>\u201cDe esta\nforma fueron detenidos J. C. (Jes\u00fas Miguel), y F. (Federico) F., de 23 y 20\na\u00f1os de edad, respectivamente.<\/p>\n\n\n\n<p>\u201cLo\nanterior, debido a que en el interior de la referida unidad de motor fue\nlocalizada una carabina AR-15, marca Palmetto, matr\u00edcula SCD005375; una\ncarabina AR-15, con leyenda Spikes Tactical, Apopka F. l., USA; una carabina\nAR-15, con leyenda Quentin Defense Gilbert. Az, Us Army; un arma larga marca\nSmith &amp; Wesson, matr\u00edcula SP42963, modelo M&amp;R15 Fire y un fusil AR-15,\ncon leyenda Sporter, Target, USA.<\/p>\n\n\n\n<p>\u201cAs\u00ed mismo,\ntres chalecos bal\u00edsticos, siete cargadores para armas largas, dos cargadores\npara radio, un cargador para pistola, una pernera para pistola y 198 cartuchos\ncalibre 223.<\/p>\n\n\n\n<p>\u201cPor este\nmotivo, los arriba mencionados fueron puestos a disposici\u00f3n de la Fiscal\u00eda\nGeneral de la Republica (FGR), con base en Bah\u00edas de Huatulco.<\/p>\n","protected":false},"excerpt":{"rendered":"<p>Redacci\u00f3n Oaxaca de Ju\u00e1rez, Oax., a 12 de junio de 2019.- Tres personas fueron ejecutadas&hellip;<\/p>\n","protected":false},"author":2,"featured_media":1606,"comment_status":"closed","ping_status":"open","sticky":false,"template":"","format":"standard","meta":{"_lmt_disableupdate":"","_lmt_disable":"","_jetpack_memberships_contains_paid_content":false,"footnotes":""},"categories":[109,51],"tags":[102,72,55,101],"class_list":["post-1605","post","type-post","status-publish","format-standard","has-post-thumbnail","hentry","category-minuto-a-minuto","category-zona-roja","tag-alejandro-murat","tag-ejecutados","tag-inseguridad","tag-santo-domingo-ingenio"],"jetpack_featured_media_url":"https:\/\/zonaroja.com.mx\/wp-content\/uploads\/2019\/06\/Ejecutados-Ingenio.jpg","jetpack_sharing_enabled":true,"_links":{"self":[{"href":"https:\/\/zonaroja.com.mx\/index.php?rest_route=\/wp\/v2\/posts\/1605","targetHints":{"allow":["GET"]}}],"collection":[{"href":"https:\/\/zonaroja.com.mx\/index.php?rest_route=\/wp\/v2\/posts"}],"about":[{"href":"https:\/\/zonaroja.com.mx\/index.php?rest_route=\/wp\/v2\/types\/post"}],"author":[{"embeddable":true,"href":"https:\/\/zonaroja.com.mx\/index.php?rest_route=\/wp\/v2\/users\/2"}],"replies":[{"embeddable":true,"href":"https:\/\/zonaroja.com.mx\/index.php?rest_route=%2Fwp%2Fv2%2Fcomments&post=1605"}],"version-history":[{"count":2,"href":"https:\/\/zonaroja.com.mx\/index.php?rest_route=\/wp\/v2\/posts\/1605\/revisions"}],"predecessor-version":[{"id":1623,"href":"https:\/\/zonaroja.com.mx\/index.php?rest_route=\/wp\/v2\/posts\/1605\/revisions\/1623"}],"wp:featuredmedia":[{"embeddable":true,"href":"https:\/\/zonaroja.com.mx\/index.php?rest_route=\/wp\/v2\/media\/1606"}],"wp:attachment":[{"href":"https:\/\/zonaroja.com.mx\/index.php?rest_route=%2Fwp%2Fv2%2Fmedia&parent=1605"}],"wp:term":[{"taxonomy":"category","embeddable":true,"href":"https:\/\/zonaroja.com.mx\/index.php?rest_route=%2Fwp%2Fv2%2Fcategories&post=1605"},{"taxonomy":"post_tag","embeddable":true,"href":"https:\/\/zonaroja.com.mx\/index.php?rest_route=%2Fwp%2Fv2%2Ftags&post=1605"}],"curies":[{"name":"wp","href":"https:\/\/api.w.org\/{rel}","templated":true}]}}