{"id":16051,"date":"2020-08-09T07:43:50","date_gmt":"2020-08-09T12:43:50","guid":{"rendered":"http:\/\/www.zonaroja.com.mx\/?p=16051"},"modified":"2020-08-09T07:43:53","modified_gmt":"2020-08-09T12:43:53","slug":"unicef-recomienda-considerar-el-ejemplo-de-oaxaca-con-nueva-ley-antichatarra","status":"publish","type":"post","link":"https:\/\/zonaroja.com.mx\/?p=16051","title":{"rendered":"Unicef recomienda considerar el ejemplo de Oaxaca con nueva Ley \u201cantichatarra\u201d"},"content":{"rendered":"\n<p>Redacci\u00f3n\/Zona Roja Cdmx.<\/p>\n\n\n\n<p>Ciudad de M\u00e9xico, 9 de agosto de 2020.-\nCatalina G\u00f3mez, Jefa de Pol\u00edtica Social, Salud y Nutrici\u00f3n del Fondo de las\nNaciones Unidas para la Infancia (Unicef), recomend\u00f3 que los estados de M\u00e9xico\nconsideren el ejemplo de la adhesi\u00f3n del Art\u00edculo 20 bis a la Ley de Derechos\nde Ni\u00f1as, Ni\u00f1os y Adolescentes de Oaxaca.<\/p>\n\n\n\n<p>El 5 de agosto, dicha entidad se\nconvirti\u00f3 en la primera a nivel nacional en prohibir la venta directa, regalo,\npromoci\u00f3n o distribuci\u00f3n de productos con alto contenido cal\u00f3rico como las\nbebidas azucaradas, a menores de edad en las escuelas.<\/p>\n\n\n\n<p>Los integrantes de la 64 Legislatura\ndel Congreso emitieron 31 votos a favor de la referida iniciativa, a\u00fan con las\n\u00abpresiones de grupos de inter\u00e9s econ\u00f3mico que suelen interferir con el\nesfuerzo legislativo\u00bb que se\u00f1al\u00f3 previamente el subsecretario de Prevenci\u00f3n\ny Promoci\u00f3n de la Salud, Hugo L\u00f3pez-Gatell, as\u00ed como los desplegados en medios\nde comunicaci\u00f3n de la industria de alimentos procesados y ultrapocesados en\ncontra de la propuesta.<\/p>\n\n\n\n<p>En entrevista con el conductor de \u201cLos\nPeriodistas\u201d, Alejandro P\u00e1ez Varela, la representante de la Agencia de la ONU\ndeclar\u00f3:<\/p>\n\n\n\n<p>\u201cHay que enviar una felicitaci\u00f3n a\nOaxaca por esta decisi\u00f3n valiente y pionera que est\u00e1 poniendo primero el\ninter\u00e9s superior de la ni\u00f1ez por encima de intereses econ\u00f3micos. Mi mensaje\npara los congresos de diferentes estados y para diferentes foros es que\nconsideren estas medidas para la prevenci\u00f3n\u00bb.<\/p>\n\n\n\n<p>Continu\u00f3: \u201cInvertir en la prevenci\u00f3n\nvale la pena. Los costos econ\u00f3micos que puede llevar el cambio de h\u00e1bitos no\npueden estar por encima del bien de la infancia, a su derecho a una buena\nalimentaci\u00f3n y a su derecho de tener una salud adecuada\u201d.<\/p>\n\n\n\n<p>Seg\u00fan los Servicios de Salud locales,\ncuyo gobernador es Alejandro Murat Hinojosa, la entidad se ubica en el segundo\nlugar en el pa\u00eds con mayor obesidad en adultos y en primera posici\u00f3n con\nobesidad infantil Mientras que alrededor de 60 mil infantes de cero a cinco\na\u00f1os de edad presentan desnutrici\u00f3n.<\/p>\n\n\n\n<p>Respecto a la ingesta de los\ndenominados productos chatarra Catalina G\u00f3mez precis\u00f3 \u201cEn Estados Unidos y\nM\u00e9xico la venta de bebidas azucaradas y de productos ultraprocesados es muy\namplia y es parte de la cultura, casi al punto que no se ve como algo que debe\ncorregirse. Se debe evitar su consumo y promover el consumo de productos m\u00e1s\nfrescos y mantener una dieta m\u00e1s balanceada y saludable\u201d.<\/p>\n\n\n\n<p>Expuso que en\nel pa\u00eds el h\u00e1bito de beber agua simple debe aumentar, pero \u201cSe debe trabajar\ntambi\u00e9n el tema de acceso, hay muchas poblaciones que no cuentan con buen\nacceso de distribuci\u00f3n de agua potable. Las escuelas tienen problemas con\nbebederos. Eso incentiva al consumo de bebidas azucaradas\u201d.<\/p>\n\n\n\n<p>Adem\u00e1s, apunt\u00f3 al aspecto de la falta\nde acceso a alimentos saludables \u201cLo que vemos es que en muchos lugares en\nM\u00e9xico es m\u00e1s f\u00e1cil conseguir los productos ultraprocesados y las bebidas\nazucaradas en lugar de conseguir productos frescos y naturales\u00bb.<\/p>\n\n\n\n<p>En el territorio mexicano 75% de los\nadultos presentan sobrepeso u obesidad, seg\u00fan las cifras de la Jefa de Pol\u00edtica\nSocial del Fondo. Por lo que priorizar la \u00abprevenci\u00f3n siempre ser\u00e1 m\u00e1s\nbarato y mucho m\u00e1s f\u00e1cil que llegar a tener un problema grave de salud p\u00fablica\ncomo lo es la obesidad y todos los problemas asociados\u201d, indic\u00f3.<\/p>\n\n\n\n<p>TAMBI\u00c9N DIPUTADA AVALA<\/p>\n\n\n\n<p>Por separado, la vicepresidenta de la\nC\u00e1mara de Diputados, Dolores Padierna Luna, dijo que al convertirse Oaxaca, por\ninstancia del Presidente de la Rep\u00fablica, Andr\u00e9s Manuel L\u00f3pez Obrador y el\ngobernador Alejandro Murat Hinojosa, en el primer estado del pa\u00eds en prohibir\nla venta directa de alimentos chatarras a menores de edad, \u201cinici\u00f3 un cambio de\nfondo en la estrategia de salud que permitir\u00e1 combatir la obesidad infantil y\notras enfermedades que hoy son un lastre en el Sistema de Salud P\u00fablica\u201d.<\/p>\n\n\n\n<p>La legisladora adujo que al ponerse en\nmarcha la estrategia nacional para una alimentaci\u00f3n sana, se contempla\nmaterializar el nuevo Etiquetado Frontal, la lactancia materna, la alimentaci\u00f3n\nculturalmente apropiada, la generaci\u00f3n de h\u00e1bitos saludables y la reducci\u00f3n del\nconsumo de alimentos industrializados.<\/p>\n\n\n\n<p>\u201cLa pandemia\ndel Covid-19 ha revelado c\u00f3mo la salud deteriorada de una poblaci\u00f3n tiene grandes\ny adversas consecuencias sobre la capacidad de resistir una enfermedad\ninfecciosa. Al respecto, cit\u00f3 que en M\u00e9xico la fuerza de la pandemia ha\ncolocado en el debate tanto las causas de nuestra mala alimentaci\u00f3n como las\nmedidas para erradicarla\u201d.<\/p>\n\n\n\n<p>(Informaci\u00f3n de \u201cEl Imparcial\u201d y \u201cLa\nJornada\u201d)<\/p>\n","protected":false},"excerpt":{"rendered":"<p>Redacci\u00f3n\/Zona Roja Cdmx. Ciudad de M\u00e9xico, 9 de agosto de 2020.- Catalina G\u00f3mez, Jefa de&hellip;<\/p>\n","protected":false},"author":2,"featured_media":16052,"comment_status":"closed","ping_status":"open","sticky":false,"template":"","format":"standard","meta":{"_lmt_disableupdate":"","_lmt_disable":"","_jetpack_memberships_contains_paid_content":false,"footnotes":""},"categories":[109,46],"tags":[1903],"class_list":["post-16051","post","type-post","status-publish","format-standard","has-post-thumbnail","hentry","category-minuto-a-minuto","category-zona-blanca","tag-unicef-mexico"],"jetpack_featured_media_url":"https:\/\/zonaroja.com.mx\/wp-content\/uploads\/2020\/08\/Unicef-M\u00e9xico.jpg","jetpack_sharing_enabled":true,"_links":{"self":[{"href":"https:\/\/zonaroja.com.mx\/index.php?rest_route=\/wp\/v2\/posts\/16051","targetHints":{"allow":["GET"]}}],"collection":[{"href":"https:\/\/zonaroja.com.mx\/index.php?rest_route=\/wp\/v2\/posts"}],"about":[{"href":"https:\/\/zonaroja.com.mx\/index.php?rest_route=\/wp\/v2\/types\/post"}],"author":[{"embeddable":true,"href":"https:\/\/zonaroja.com.mx\/index.php?rest_route=\/wp\/v2\/users\/2"}],"replies":[{"embeddable":true,"href":"https:\/\/zonaroja.com.mx\/index.php?rest_route=%2Fwp%2Fv2%2Fcomments&post=16051"}],"version-history":[{"count":1,"href":"https:\/\/zonaroja.com.mx\/index.php?rest_route=\/wp\/v2\/posts\/16051\/revisions"}],"predecessor-version":[{"id":16053,"href":"https:\/\/zonaroja.com.mx\/index.php?rest_route=\/wp\/v2\/posts\/16051\/revisions\/16053"}],"wp:featuredmedia":[{"embeddable":true,"href":"https:\/\/zonaroja.com.mx\/index.php?rest_route=\/wp\/v2\/media\/16052"}],"wp:attachment":[{"href":"https:\/\/zonaroja.com.mx\/index.php?rest_route=%2Fwp%2Fv2%2Fmedia&parent=16051"}],"wp:term":[{"taxonomy":"category","embeddable":true,"href":"https:\/\/zonaroja.com.mx\/index.php?rest_route=%2Fwp%2Fv2%2Fcategories&post=16051"},{"taxonomy":"post_tag","embeddable":true,"href":"https:\/\/zonaroja.com.mx\/index.php?rest_route=%2Fwp%2Fv2%2Ftags&post=16051"}],"curies":[{"name":"wp","href":"https:\/\/api.w.org\/{rel}","templated":true}]}}