{"id":16054,"date":"2020-08-09T07:48:03","date_gmt":"2020-08-09T12:48:03","guid":{"rendered":"http:\/\/www.zonaroja.com.mx\/?p=16054"},"modified":"2020-08-09T07:48:09","modified_gmt":"2020-08-09T12:48:09","slug":"brinda-poder-judicial-atencion-inmediata-a-casos-de-mujeres-violentadas","status":"publish","type":"post","link":"https:\/\/zonaroja.com.mx\/?p=16054","title":{"rendered":"Brinda Poder Judicial atenci\u00f3n inmediata a casos de mujeres violentadas"},"content":{"rendered":"\n<p>Redacci\u00f3n\/Zona Roja.<\/p>\n\n\n\n<p>Oaxaca de Ju\u00e1rez, Oax., 9 de agosto de\n2020.- Ante el riesgo de las mujeres a ser v\u00edctima de violencia durante el\nconfinamiento establecido por la etapa de contingencia sanitaria, desde el\nprimer momento el Poder Judicial del Estado de Oaxaca implement\u00f3 acciones para\ndar seguimiento y atenci\u00f3n a los asuntos urgentes, como los casos en materia\npenal, familiar, el pago de pensiones alimenticias y recuperaci\u00f3n de menores,\nentre otros.<\/p>\n\n\n\n<p>Tambi\u00e9n, se elabor\u00f3 la Gu\u00eda de Acciones\ndel Poder Judicial del Estado de Oaxaca para la prevenci\u00f3n y atenci\u00f3n en\nmateria de violencia de g\u00e9nero ante la contingencia del Covid-19, que tiene\ncomo finalidad adoptar actividades de prevenci\u00f3n e informar de una forma\nsencilla y comprensible, las medidas de protecci\u00f3n, as\u00ed como las \u00e1reas\nespecializadas que atienden estos casos.<\/p>\n\n\n\n<p>De acuerdo con el documento, la\nviolencia en raz\u00f3n de g\u00e9nero consiste en el abuso de poder de una persona\nrespecto de otra, que se funda en las creencias y expectativas sobre c\u00f3mo deben\nser y\/o comportarse los hombres y mujeres, a partir de la diferencia sexual.<\/p>\n\n\n\n<p>Al respecto y sobre la funci\u00f3n de la\nUnidad de G\u00e9nero &#8211;adscrita a la Direcci\u00f3n de Derechos Humanos del Consejo de\nla Judicatura del Poder Judicial&#8211;, la maestra Sheila S\u00e1nchez L\u00f3pez coment\u00f3 que\nsu labor se ha encaminado a implementar acciones tendientes a reducir el\nimpacto en esta crisis sanitaria, espec\u00edficamente hacia mujeres y ni\u00f1as.<\/p>\n\n\n\n<p>Mencion\u00f3 que la Gu\u00eda de Acciones se\nelabor\u00f3 desde un lenguaje ciudadanizado y define los tipos de violencias,\ncu\u00e1ndo la mujer se coloca en situaciones de ese tipo y adem\u00e1s cu\u00e1ndo puede\nacceder a un mecanismo judicial como son las \u00f3rdenes de protecci\u00f3n,\nconsideradas por la Organizaci\u00f3n de las Naciones Unidas (ONU) como uno de los\nrecursos jur\u00eddicos m\u00e1s efectivos puestos a disposici\u00f3n de las mujeres v\u00edctimas\nde abusos.<\/p>\n\n\n\n<p>\u201cContempla una serie de medidas que\ntrata de explicarle incluso a las mujeres violentadas, sociedad civil e\ninstituciones que realizan el acompa\u00f1amiento que, el Poder Judicial, tiene sus\npuertas abiertas, los escucha y atiende\u201d, explic\u00f3.<\/p>\n\n\n\n<p>Resalt\u00f3 que su difusi\u00f3n, permite que la\nciudadan\u00eda conozca que durante este periodo de cuarentena, se disponen de v\u00edas\njudiciales para la atenci\u00f3n de casos de violencia, en base a las acciones\nemitidas por los Plenos del Tribunal Superior de Justicia y del Consejo de la\nJudicatura del Poder Judicial, en el Acuerdo Conjunto 3\/2020.<\/p>\n\n\n\n<p>Frente a la situaci\u00f3n sanitaria que se\nvive por el Covid-19, el Poder Judicial tiene al alcance y disposici\u00f3n de la\npoblaci\u00f3n el servicio de JusticiaTel, encargado de atender oportunamente a las\ny los abogados litigantes, as\u00ed como a la ciudadan\u00eda y ser el enlace con las\n\u00e1reas y direcciones correspondientes, adem\u00e1s de brindar informaci\u00f3n a quienes\nse encuentren en alg\u00fan proceso jur\u00eddico, a trav\u00e9s del n\u00famero telef\u00f3nico 800 719\n22 32.<\/p>\n","protected":false},"excerpt":{"rendered":"<p>Redacci\u00f3n\/Zona Roja. Oaxaca de Ju\u00e1rez, Oax., 9 de agosto de 2020.- Ante el riesgo de&hellip;<\/p>\n","protected":false},"author":2,"featured_media":14349,"comment_status":"closed","ping_status":"open","sticky":false,"template":"","format":"standard","meta":{"_lmt_disableupdate":"","_lmt_disable":"","_jetpack_memberships_contains_paid_content":false,"footnotes":""},"categories":[109,46],"tags":[223],"class_list":["post-16054","post","type-post","status-publish","format-standard","has-post-thumbnail","hentry","category-minuto-a-minuto","category-zona-blanca","tag-poder-judicial-de-oaxaca"],"jetpack_featured_media_url":"https:\/\/zonaroja.com.mx\/wp-content\/uploads\/2020\/06\/Poder-Judicial-Oaxaca.jpg","jetpack_sharing_enabled":true,"_links":{"self":[{"href":"https:\/\/zonaroja.com.mx\/index.php?rest_route=\/wp\/v2\/posts\/16054","targetHints":{"allow":["GET"]}}],"collection":[{"href":"https:\/\/zonaroja.com.mx\/index.php?rest_route=\/wp\/v2\/posts"}],"about":[{"href":"https:\/\/zonaroja.com.mx\/index.php?rest_route=\/wp\/v2\/types\/post"}],"author":[{"embeddable":true,"href":"https:\/\/zonaroja.com.mx\/index.php?rest_route=\/wp\/v2\/users\/2"}],"replies":[{"embeddable":true,"href":"https:\/\/zonaroja.com.mx\/index.php?rest_route=%2Fwp%2Fv2%2Fcomments&post=16054"}],"version-history":[{"count":1,"href":"https:\/\/zonaroja.com.mx\/index.php?rest_route=\/wp\/v2\/posts\/16054\/revisions"}],"predecessor-version":[{"id":16055,"href":"https:\/\/zonaroja.com.mx\/index.php?rest_route=\/wp\/v2\/posts\/16054\/revisions\/16055"}],"wp:featuredmedia":[{"embeddable":true,"href":"https:\/\/zonaroja.com.mx\/index.php?rest_route=\/wp\/v2\/media\/14349"}],"wp:attachment":[{"href":"https:\/\/zonaroja.com.mx\/index.php?rest_route=%2Fwp%2Fv2%2Fmedia&parent=16054"}],"wp:term":[{"taxonomy":"category","embeddable":true,"href":"https:\/\/zonaroja.com.mx\/index.php?rest_route=%2Fwp%2Fv2%2Fcategories&post=16054"},{"taxonomy":"post_tag","embeddable":true,"href":"https:\/\/zonaroja.com.mx\/index.php?rest_route=%2Fwp%2Fv2%2Ftags&post=16054"}],"curies":[{"name":"wp","href":"https:\/\/api.w.org\/{rel}","templated":true}]}}