{"id":16056,"date":"2020-08-09T08:00:49","date_gmt":"2020-08-09T13:00:49","guid":{"rendered":"http:\/\/www.zonaroja.com.mx\/?p=16056"},"modified":"2020-08-09T08:00:53","modified_gmt":"2020-08-09T13:00:53","slug":"oaxaca-con-mas-hablantes-de-lengua-indigena-en-el-pais","status":"publish","type":"post","link":"https:\/\/zonaroja.com.mx\/?p=16056","title":{"rendered":"Oaxaca, con m\u00e1s hablantes de lengua ind\u00edgena en el pa\u00eds"},"content":{"rendered":"\n<p>Evlin Arag\u00f3n\/Zona Roja.<\/p>\n\n\n\n<p>Oaxaca de Ju\u00e1rez, Oax., 9 de agosto de\n2020.- La entidad oaxaque\u00f1a ocupa la primera posici\u00f3n en cuanto a hablantes de\nalguna lengua ind\u00edgena en el pa\u00eds con un mill\u00f3n 165 mil 186 personas de 5 a\u00f1os\ny m\u00e1s que conservan su lengua de origen. <\/p>\n\n\n\n<p>Lo anterior, de acuerdo con los datos\nemitidos por el INEGI, en el marco del D\u00eda Internacional de las Poblaciones\nInd\u00edgenas, que se celebra este domingo 9 de agosto, y que pone de manifiesto\nque en M\u00e9xico son seis millones 695 mil 228 personas las que hablan alguna\nlengua ind\u00edgena.&nbsp; <\/p>\n\n\n\n<p>A Oaxaca le siguen Chiapas, Veracruz,\nPuebla y Yucat\u00e1n, que son las cinco entidades que encabezan la lista, mientras\nque las que menos hablantes ind\u00edgenas tienen son: Aguascalientes, Colima,\nZacatecas, Coahuila, Baja California Sur y Guanajuato.&nbsp; <\/p>\n\n\n\n<p>De acuerdo con los datos de censos y\nconteos de poblaci\u00f3n hist\u00f3ricos, la tasa de hablantes de lenguas ind\u00edgenas de cinco\na\u00f1os de edad o m\u00e1s se redujo de 16 por ciento en 1930 a 6.6 por ciento en 2015.\n<\/p>\n\n\n\n<p>De acuerdo con el Cat\u00e1logo de las\nLenguas Ind\u00edgenas Nacionales emitido por el Consejo Nacional del Instituto\nNacional de Lenguas Ind\u00edgenas, se incluyen 68 agrupaciones ling\u00fc\u00edsticas,\nrelacionadas a 11 familias indoamericanas, sin embargo, el Instituto Nacional\nde Lenguas Ind\u00edgenas refiere 364 lenguas o variantes ling\u00fc\u00edsticas en\nM\u00e9xico.&nbsp; <\/p>\n\n\n\n<p>De las cuales 64 de las variantes se\nmantienen en muy alto riesgo de desaparici\u00f3n debido a tres principales\nfactores: que el n\u00famero de hablantes es menor a mil personas, que menos del 10\npor ciento de sus hablantes tienen entre cinco y 14 a\u00f1os, y que la variante se\nhabla en menos de 20 localidades. <\/p>\n\n\n\n<p>Adem\u00e1s, 43 m\u00e1s se encuentran en alto\nriesgo, 72 en riesgo mediano y s\u00f3lo 185 registran un riesgo no inmediato de\ndesaparici\u00f3n ya que cuentan con m\u00e1s de mil hablantes, m\u00e1s del 10 por ciento\nentre 5 y 14 a\u00f1os, ubicados en m\u00e1s de 50 localidades.&nbsp; <\/p>\n\n\n\n<p>\u201cEn gran parte del mundo, existen\npueblos donde s\u00f3lo algunas personas adultas hablan alguna lengua y no la han\ntransmitido a las nuevas generaciones; esas lenguas est\u00e1n en riesgo de\ndesaparecer\u201d, refiere. <\/p>\n\n\n\n<p>De acuerdo con el INEGI, en todo el\nmundo los pueblos ind\u00edgenas representan una gran diversidad: m\u00e1s de cinco mil\ngrupos distintos en 90 pa\u00edses y hablan, en conjunto, aproximadamente 7 000\nlenguas. <\/p>\n\n\n\n<p>Est\u00e1n constituidos por cerca de 370\nmillones de personas, es decir, m\u00e1s del 5% de la poblaci\u00f3n mundial. Sin\nembargo, se encuentran entre las poblaciones m\u00e1s desfavorecidas y vulnerables y\nrepresentan el 15% de los m\u00e1s pobres. <\/p>\n","protected":false},"excerpt":{"rendered":"<p>Evlin Arag\u00f3n\/Zona Roja. Oaxaca de Ju\u00e1rez, Oax., 9 de agosto de 2020.- La entidad oaxaque\u00f1a&hellip;<\/p>\n","protected":false},"author":2,"featured_media":16057,"comment_status":"closed","ping_status":"open","sticky":false,"template":"","format":"standard","meta":{"_lmt_disableupdate":"","_lmt_disable":"","_jetpack_memberships_contains_paid_content":false,"footnotes":""},"categories":[109,46],"tags":[1904],"class_list":["post-16056","post","type-post","status-publish","format-standard","has-post-thumbnail","hentry","category-minuto-a-minuto","category-zona-blanca","tag-pueblos-indigenas-de-oaxaca"],"jetpack_featured_media_url":"https:\/\/zonaroja.com.mx\/wp-content\/uploads\/2020\/08\/Pueblos-ind\u00edgenas-Oaxaca.png","jetpack_sharing_enabled":true,"_links":{"self":[{"href":"https:\/\/zonaroja.com.mx\/index.php?rest_route=\/wp\/v2\/posts\/16056","targetHints":{"allow":["GET"]}}],"collection":[{"href":"https:\/\/zonaroja.com.mx\/index.php?rest_route=\/wp\/v2\/posts"}],"about":[{"href":"https:\/\/zonaroja.com.mx\/index.php?rest_route=\/wp\/v2\/types\/post"}],"author":[{"embeddable":true,"href":"https:\/\/zonaroja.com.mx\/index.php?rest_route=\/wp\/v2\/users\/2"}],"replies":[{"embeddable":true,"href":"https:\/\/zonaroja.com.mx\/index.php?rest_route=%2Fwp%2Fv2%2Fcomments&post=16056"}],"version-history":[{"count":1,"href":"https:\/\/zonaroja.com.mx\/index.php?rest_route=\/wp\/v2\/posts\/16056\/revisions"}],"predecessor-version":[{"id":16058,"href":"https:\/\/zonaroja.com.mx\/index.php?rest_route=\/wp\/v2\/posts\/16056\/revisions\/16058"}],"wp:featuredmedia":[{"embeddable":true,"href":"https:\/\/zonaroja.com.mx\/index.php?rest_route=\/wp\/v2\/media\/16057"}],"wp:attachment":[{"href":"https:\/\/zonaroja.com.mx\/index.php?rest_route=%2Fwp%2Fv2%2Fmedia&parent=16056"}],"wp:term":[{"taxonomy":"category","embeddable":true,"href":"https:\/\/zonaroja.com.mx\/index.php?rest_route=%2Fwp%2Fv2%2Fcategories&post=16056"},{"taxonomy":"post_tag","embeddable":true,"href":"https:\/\/zonaroja.com.mx\/index.php?rest_route=%2Fwp%2Fv2%2Ftags&post=16056"}],"curies":[{"name":"wp","href":"https:\/\/api.w.org\/{rel}","templated":true}]}}