{"id":16059,"date":"2020-08-09T08:06:27","date_gmt":"2020-08-09T13:06:27","guid":{"rendered":"http:\/\/www.zonaroja.com.mx\/?p=16059"},"modified":"2020-08-09T08:06:31","modified_gmt":"2020-08-09T13:06:31","slug":"vivos-los-queremos-dice-juan-sosa-maldonado-sobre-eperristas-desaparecidos","status":"publish","type":"post","link":"https:\/\/zonaroja.com.mx\/?p=16059","title":{"rendered":"\u00a1Vivos los queremos!, dice Juan Sosa Maldonado sobre eperristas desaparecidos"},"content":{"rendered":"\n<p>Yuridiana Sosa\/Zona Roja.<\/p>\n\n\n\n<p>Oaxaca de Ju\u00e1rez, Oax., 9 de agosto de\n2020.- El defensor de los derechos humanos, exiliado en el extranjero, Juan\nSosa Maldonado, se pronunci\u00f3 a favor de la localizaci\u00f3n con vida de los\nintegrantes del Ej\u00e9rcito Popular Revolucionario (EPR), Edmundo Reyes y Gabriel\nCruz, a 13 a\u00f1os de la detenci\u00f3n de los presuntos responsables de su\ndesaparici\u00f3n forzada.<\/p>\n\n\n\n<p>El defensor public\u00f3 una carta en la que\nrecuerda episodios de su tambi\u00e9n desaparici\u00f3n forzada por casi un mes en 1998,\ncuando tambi\u00e9n estuvieron al frente del poder estatal funcionarios que participaron\nen la desaparici\u00f3n de los eperristas.<\/p>\n\n\n\n<p>\u201cA Edmundo Reyes Amaya y Gabriel\nAlberto Cruz S\u00e1nchez, a todas y todos los desaparecidos: \u00a1Vivos los queremos!\n\u00a1Zapata vive, la lucha sigue!\u201d escribi\u00f3 el defensor, a 141 a\u00f1os del natalicio\ndel General Emiliano Zapata.<\/p>\n\n\n\n<p>Tras las \u00f3rdenes de aprehensi\u00f3n contra\nel ex procurador de Justicia de Oaxaca, Evencio Nicol\u00e1s Mart\u00ednez Ram\u00edrez,\ndurante el sexenio de Ulises Ruiz Ortiz, y de otros elementos policiales, como\nlos implicados en los hechos contra Edmundo y Grabriel, Sosa Maldonado refiri\u00f3\nque Mart\u00ednez Ram\u00edrez era presidente de la entonces Comisi\u00f3n Estatal de Derechos\nHumanos de Oaxaca cuando \u00e9l fue v\u00edctima de ese mismo delito por la defensa de\nlos ind\u00edgenas zapotecos de la zona Loxicha.<\/p>\n\n\n\n<p>\u201cQuienes queremos cambiar ese estado de\ncosas, quienes luchamos por un mundo mejor, enfrentamos toda la fuerza del Estado.\nDe este modo la desaparici\u00f3n forzada de Edmundo Reyes Amaya y Gabriel Alberto\nCruz S\u00e1nchez no fue un hecho aislado\u201d, cit\u00f3.<\/p>\n\n\n\n<p>El defensor exiliado mencion\u00f3 como\nresponsables tambi\u00e9n por omisi\u00f3n o comisi\u00f3n, al ex presidente de M\u00e9xico, Felipe\nCalder\u00f3n Hinojosa; su secretario de Gobernaci\u00f3n, Francisco Javier Ram\u00edrez\nAcu\u00f1a; al ex gobernador en Oaxaca, Ulises Ruiz Ortiz y su secretario general de\ngobierno, Te\u00f3filo Manuel Garc\u00eda Corpus.<\/p>\n\n\n\n<p>Sosa Maldonado precis\u00f3 sobre las\ncoincidencias en los funcionarios y en los hechos registrados en Oaxaca en\ndistintas \u00e9pocas.<\/p>\n\n\n\n<p>Enfatiz\u00f3 que fue en el periodo de\nH\u00e9ctor Anuar Mafud Mafud como secretario General de Gobierno (Segego), cuando\n\u00e9l fue v\u00edctima de la desaparici\u00f3n forzada en 1998. Cuando los eperristas\ndesaparecieron, Mafud Mafud era presidente del Tribunal Superior de Justicia de\nOaxaca y actualmente ostenta el cargo, nuevamente, de secretario General.<\/p>\n\n\n\n<p>En el pronunciamiento publicado en una\np\u00e1gina web, Juan Sosa no evit\u00f3 comparar el desempe\u00f1o de Evencio Mart\u00ednez, como\ndefensor de derechos humanos en 1998 y el de Bernando Alamilla, actual\nombudsman de Oaxaca.<\/p>\n\n\n\n<p>\u201cEvencio estaba a favor de Di\u00f3doro\nCarrasco Altamirano. Hab\u00eda sido impuesto por \u00e9l, de igual modo como fue\nimpuesto por Alejandro Murat el actual presidente de la Defensor\u00eda de los\nDerechos Humanos del Pueblo de Oaxaca (DDHPO), Bernardo Rodr\u00edguez Alamilla. No\nve el desangramiento, la represi\u00f3n, el narco paramilitarismo contra los pueblos\nind\u00edgenas en Oaxaca\u201d.<\/p>\n","protected":false},"excerpt":{"rendered":"<p>Yuridiana Sosa\/Zona Roja. Oaxaca de Ju\u00e1rez, Oax., 9 de agosto de 2020.- El defensor de&hellip;<\/p>\n","protected":false},"author":2,"featured_media":16060,"comment_status":"closed","ping_status":"open","sticky":false,"template":"","format":"standard","meta":{"_lmt_disableupdate":"","_lmt_disable":"","_jetpack_memberships_contains_paid_content":false,"footnotes":""},"categories":[109,47],"tags":[1905],"class_list":["post-16059","post","type-post","status-publish","format-standard","has-post-thumbnail","hentry","category-minuto-a-minuto","category-zona-gris","tag-juan-sosa-maldonado"],"jetpack_featured_media_url":"https:\/\/zonaroja.com.mx\/wp-content\/uploads\/2020\/08\/Juan-Sosa-Maldonado.jpg","jetpack_sharing_enabled":true,"_links":{"self":[{"href":"https:\/\/zonaroja.com.mx\/index.php?rest_route=\/wp\/v2\/posts\/16059","targetHints":{"allow":["GET"]}}],"collection":[{"href":"https:\/\/zonaroja.com.mx\/index.php?rest_route=\/wp\/v2\/posts"}],"about":[{"href":"https:\/\/zonaroja.com.mx\/index.php?rest_route=\/wp\/v2\/types\/post"}],"author":[{"embeddable":true,"href":"https:\/\/zonaroja.com.mx\/index.php?rest_route=\/wp\/v2\/users\/2"}],"replies":[{"embeddable":true,"href":"https:\/\/zonaroja.com.mx\/index.php?rest_route=%2Fwp%2Fv2%2Fcomments&post=16059"}],"version-history":[{"count":1,"href":"https:\/\/zonaroja.com.mx\/index.php?rest_route=\/wp\/v2\/posts\/16059\/revisions"}],"predecessor-version":[{"id":16061,"href":"https:\/\/zonaroja.com.mx\/index.php?rest_route=\/wp\/v2\/posts\/16059\/revisions\/16061"}],"wp:featuredmedia":[{"embeddable":true,"href":"https:\/\/zonaroja.com.mx\/index.php?rest_route=\/wp\/v2\/media\/16060"}],"wp:attachment":[{"href":"https:\/\/zonaroja.com.mx\/index.php?rest_route=%2Fwp%2Fv2%2Fmedia&parent=16059"}],"wp:term":[{"taxonomy":"category","embeddable":true,"href":"https:\/\/zonaroja.com.mx\/index.php?rest_route=%2Fwp%2Fv2%2Fcategories&post=16059"},{"taxonomy":"post_tag","embeddable":true,"href":"https:\/\/zonaroja.com.mx\/index.php?rest_route=%2Fwp%2Fv2%2Ftags&post=16059"}],"curies":[{"name":"wp","href":"https:\/\/api.w.org\/{rel}","templated":true}]}}