{"id":16062,"date":"2020-08-09T11:45:33","date_gmt":"2020-08-09T16:45:33","guid":{"rendered":"http:\/\/www.zonaroja.com.mx\/?p=16062"},"modified":"2020-08-09T11:45:39","modified_gmt":"2020-08-09T16:45:39","slug":"resurge-protesta-de-medicos-en-oaxaca-pendientes-del-caso-edward","status":"publish","type":"post","link":"https:\/\/zonaroja.com.mx\/?p=16062","title":{"rendered":"Resurge protesta de m\u00e9dicos en Oaxaca; pendientes del caso Edward"},"content":{"rendered":"\n<p>Ismael Garc\u00eda M.<\/p>\n\n\n\n<p>Oaxaca de Ju\u00e1rez, Oax., 9 de agosto de\n2020.- Las manifestaciones por el acoso judicial al galeno Luis Alberto M. no\ncesaron; \u201cla situaci\u00f3n hasta donde sabemos, son procesos largos, a\u00fan sigue; no\nse ha dado ninguna soluci\u00f3n definitiva\u201d, estamos al pendiente.<\/p>\n\n\n\n<p>As\u00ed lo estableci\u00f3 Alma Miguel Ruiz, presidenta\ndel Colegio M\u00e9dico de Oaxaca \u201cDr. Aurelio Valdivieso\u201d, previo a una marcha en\napoyo al doctor Gerardo Grajales Yuca, detenido en Chiapas y acusado de lucrar\ncon la atenci\u00f3n por Covid-19.<\/p>\n\n\n\n<p>En abril de 2018, el doctor Luis\nAlberto M. fue acusado por la Fiscal\u00eda General del Estado de Oaxaca de\nhomicidio doloso con agravante de responsabilidad m\u00e9dica, por la muerte del\nni\u00f1o Edward, tras una intervenci\u00f3n quir\u00fargica.<\/p>\n\n\n\n<p>Ello origin\u00f3 una serie de manifestaciones\npor parte de distintos gremios de profesionistas de la medicina, que comenzaba\na extenderse por el pa\u00eds; no obstante, un mes despu\u00e9s las manifestaciones\ncesaron.<\/p>\n\n\n\n<p>La m\u00e9dica Alma Miguel Ruiz dijo que est\u00e1n alertas a cualquier situaci\u00f3n en que se quiera criminalizar la profesi\u00f3n de la medicina, en Oaxaca y en cualquier parte del pa\u00eds, como fue el caso de la protesta de este domingo.<\/p>\n\n\n\n<figure class=\"wp-block-embed-twitter wp-block-embed is-type-rich is-provider-twitter\"><div class=\"wp-block-embed__wrapper\">\n<div class=\"twitter-tweet\"><blockquote class=\"twitter-tweet\" data-lang=\"es\"><p lang=\"es\" dir=\"ltr\"><a href=\"https:\/\/twitter.com\/hashtag\/ENVIVO?src=hash&amp;ref_src=twsrc%5Etfw\">#ENVIVO<\/a> <br>Oaxaca d\u00e9 Ju\u00e1rez, Oax., 9 de agosto de 2020.- El Colegio M\u00e9dico \u201cDr. Aurelio Valdivieso\u201d, protesta hoy en apoyo al m\u00e9dico del estado de Chiapas, Gerardo Grajales Yuca.<br>Aqu\u00ed \ud83d\udc47<a href=\"https:\/\/t.co\/hwicfgX5Ej\">https:\/\/t.co\/hwicfgX5Ej<\/a> <a href=\"https:\/\/t.co\/M2XxxS76rP\">pic.twitter.com\/M2XxxS76rP<\/a><\/p>&mdash; Zona Roja Oaxaca (@MexRoja) <a href=\"https:\/\/twitter.com\/MexRoja\/status\/1292467092902617088?ref_src=twsrc%5Etfw\">9 de agosto de 2020<\/a><\/blockquote><\/div>\n<\/div><\/figure>\n\n\n\n<p>En tanto, con respecto a la protecci\u00f3n\na los m\u00e9dicos de la entidad que enfrentan la pandemia en cl\u00ednicas y hospitales,\nexpuso que con anterioridad han expuesto sus demandas a las autoridades de los\nServicios de Salud de Oaxaca (SSO).<\/p>\n\n\n\n<p>Record\u00f3 que el pasado 5 de junio,\nexpusieron en un documento dirigido al gobernador Alejandro Murat Hinojosa,\natenci\u00f3n a diversos aspectos.<\/p>\n\n\n\n<p>Entre ellos, que se les informara\nacerca de los hospitales Covid, el n\u00famero de m\u00e9dicos, camas, infraestructura y\nmateriales; que se dotara de equipo de protecci\u00f3n personal al frente de\nbatalla, y que cesara la discriminaci\u00f3n de la sociedad hacia los m\u00e9dicos.<\/p>\n\n\n\n<p>\u201cNos cit\u00f3 el secretario de Salud del estado, fuimos, pero hasta el momento no nos han dado ning\u00fan documento; su compromiso fue de contratar nuevos m\u00e9dicos para tratar de solventar el tema\u201d, dijo.<\/p>\n\n\n\n<figure class=\"wp-block-embed-twitter wp-block-embed is-type-rich is-provider-twitter\"><div class=\"wp-block-embed__wrapper\">\n<div class=\"twitter-tweet\"><blockquote class=\"twitter-tweet\" data-lang=\"es\"><p lang=\"es\" dir=\"ltr\"><a href=\"https:\/\/twitter.com\/hashtag\/%C3%9AltimoMinuto?src=hash&amp;ref_src=twsrc%5Etfw\">#\u00daltimoMinuto<\/a> <br>Del norte al centro de la ciudad de Oaxaca, una representaci\u00f3n del Colegio M\u00e9dico \u201cDr. Aurelio Valdivieso\u201d, marcha este domingo en apoyo al doctor del estado de Chiapas, Gerardo Grajales Yuca. <a href=\"https:\/\/t.co\/mNEYZ9At5V\">pic.twitter.com\/mNEYZ9At5V<\/a><\/p>&mdash; Zona Roja Oaxaca (@MexRoja) <a href=\"https:\/\/twitter.com\/MexRoja\/status\/1292473387202338818?ref_src=twsrc%5Etfw\">9 de agosto de 2020<\/a><\/blockquote><\/div>\n<\/div><\/figure>\n\n\n\n<p>Alrededor de medio centenar de\nprofesionistas partieron de la fuente de las Ocho Regiones hacia el centro de\nla ciudad, donde efectuaron un mitin.<\/p>\n\n\n\n<p>En el z\u00f3calo, el integrante de la\ndirigencia de la Secci\u00f3n 35 del SNTE, Alberto Sangerm\u00e1n, critic\u00f3 los desv\u00edos de\nrecursos financieros en el sexenio anterior, del cual no ha habido a la fecha\nindagatorias o castigo a los responsables.<\/p>\n\n\n\n<p>\u201cEn solidaridad con el doctor Grajales\nYuca, tiene que escucharse en todos los niveles, tiene que mejorarse la\njusticia en todo el pa\u00eds, que ha dejado mucho qu\u00e9 desear; en d\u00f3nde est\u00e1n todos\nlos que han saqueado la seguridad social, por qu\u00e9 a ellos no se ha procesado\u201d,\nexpuso.<\/p>\n","protected":false},"excerpt":{"rendered":"<p>Ismael Garc\u00eda M. Oaxaca de Ju\u00e1rez, Oax., 9 de agosto de 2020.- Las manifestaciones por&hellip;<\/p>\n","protected":false},"author":2,"featured_media":16063,"comment_status":"closed","ping_status":"open","sticky":false,"template":"","format":"standard","meta":{"_lmt_disableupdate":"","_lmt_disable":"","_jetpack_memberships_contains_paid_content":false,"footnotes":""},"categories":[109,47],"tags":[165,1906],"class_list":["post-16062","post","type-post","status-publish","format-standard","has-post-thumbnail","hentry","category-minuto-a-minuto","category-zona-gris","tag-colegio-medico-de-oaxaca","tag-gerardo-grajales-yuca"],"jetpack_featured_media_url":"https:\/\/zonaroja.com.mx\/wp-content\/uploads\/2020\/08\/Protesta-Colegio-M\u00e9dicos-Oaxaca.png","jetpack_sharing_enabled":true,"_links":{"self":[{"href":"https:\/\/zonaroja.com.mx\/index.php?rest_route=\/wp\/v2\/posts\/16062","targetHints":{"allow":["GET"]}}],"collection":[{"href":"https:\/\/zonaroja.com.mx\/index.php?rest_route=\/wp\/v2\/posts"}],"about":[{"href":"https:\/\/zonaroja.com.mx\/index.php?rest_route=\/wp\/v2\/types\/post"}],"author":[{"embeddable":true,"href":"https:\/\/zonaroja.com.mx\/index.php?rest_route=\/wp\/v2\/users\/2"}],"replies":[{"embeddable":true,"href":"https:\/\/zonaroja.com.mx\/index.php?rest_route=%2Fwp%2Fv2%2Fcomments&post=16062"}],"version-history":[{"count":1,"href":"https:\/\/zonaroja.com.mx\/index.php?rest_route=\/wp\/v2\/posts\/16062\/revisions"}],"predecessor-version":[{"id":16064,"href":"https:\/\/zonaroja.com.mx\/index.php?rest_route=\/wp\/v2\/posts\/16062\/revisions\/16064"}],"wp:featuredmedia":[{"embeddable":true,"href":"https:\/\/zonaroja.com.mx\/index.php?rest_route=\/wp\/v2\/media\/16063"}],"wp:attachment":[{"href":"https:\/\/zonaroja.com.mx\/index.php?rest_route=%2Fwp%2Fv2%2Fmedia&parent=16062"}],"wp:term":[{"taxonomy":"category","embeddable":true,"href":"https:\/\/zonaroja.com.mx\/index.php?rest_route=%2Fwp%2Fv2%2Fcategories&post=16062"},{"taxonomy":"post_tag","embeddable":true,"href":"https:\/\/zonaroja.com.mx\/index.php?rest_route=%2Fwp%2Fv2%2Ftags&post=16062"}],"curies":[{"name":"wp","href":"https:\/\/api.w.org\/{rel}","templated":true}]}}