{"id":16065,"date":"2020-08-09T14:03:48","date_gmt":"2020-08-09T19:03:48","guid":{"rendered":"http:\/\/www.zonaroja.com.mx\/?p=16065"},"modified":"2020-08-09T16:13:16","modified_gmt":"2020-08-09T21:13:16","slug":"matan-a-balazos-a-individuo-en-juchitan-asaltan-negocio-en-santa-lucia","status":"publish","type":"post","link":"https:\/\/zonaroja.com.mx\/?p=16065","title":{"rendered":"Matan a balazos a individuo en Juchit\u00e1n; asaltan negocio en Santa Luc\u00eda"},"content":{"rendered":"\n<p>Redacci\u00f3n\/Zona Roja,<\/p>\n\n\n\n<p>Oaxaca de Ju\u00e1rez, Oax., 9 de agosto de\n2020.- Un individuo fue asesinado a balazos la ma\u00f1ana de hoy en Juchit\u00e1n de Zaragoza,\nmunicipio de la regi\u00f3n Istmo de Tehuantepec, Oaxaca.<\/p>\n\n\n\n<p>El crimen se perpetr\u00f3 en la avenida Industrias de la S\u00e9ptima Secci\u00f3n, hasta donde sujetos armados arribaron para acribillar a la persona, identificada de manera preliminar como Christopher \u201cN\u201d.<\/p>\n\n\n\n<p>El cuerpo qued\u00f3 a un costado de la\ndenominada Iglesia de Los Pescadores, en tanto que el o los probables agresores\nse dieron a la fuga. Los familiares retiraron el cuerpo antes de la llegada del\nMinisterio P\u00fablico y de personal de la Agencia Estatal de Investigaciones.<\/p>\n\n\n\n<p>SIGUE INSEGURIDAD<\/p>\n\n\n\n<p>Mientras tanto en Santa Luc\u00eda del\nCamino, cerca del mediod\u00eda se cometi\u00f3 un asalto a una tienda denominada \u201cEmpe\u00f1os\nMexicanos\u201d, ubicada en la avenida El Rosario casi esquina con Hornos, cerca del\nacceso al fraccionamiento del mismo nombre.<\/p>\n\n\n\n<p>Presuntamente fueron al menos tres\nsujetos quienes cometieron el atraco, pese a que en el negocio hab\u00eda un guardia\nde seguridad, que fue amagado con arma de fuego.<\/p>\n\n\n\n<p>Luego de apoderarse de varios\nart\u00edculos, los delincuentes huyeron, presuntamente a bordo de un coche tipo\nJetta, color blanco; supuestamente elementos de la Polic\u00eda Municipal realizaron\noperativos de b\u00fasqueda, sin resultados positivos.<\/p>\n","protected":false},"excerpt":{"rendered":"<p>Redacci\u00f3n\/Zona Roja, Oaxaca de Ju\u00e1rez, Oax., 9 de agosto de 2020.- Un individuo fue asesinado&hellip;<\/p>\n","protected":false},"author":2,"featured_media":2255,"comment_status":"closed","ping_status":"open","sticky":false,"template":"","format":"standard","meta":{"_lmt_disableupdate":"","_lmt_disable":"","_jetpack_memberships_contains_paid_content":false,"footnotes":""},"categories":[109,51],"tags":[123],"class_list":["post-16065","post","type-post","status-publish","format-standard","has-post-thumbnail","hentry","category-minuto-a-minuto","category-zona-roja","tag-juchitan-de-zaragoza"],"jetpack_featured_media_url":"https:\/\/zonaroja.com.mx\/wp-content\/uploads\/2019\/07\/Inseguridad-Oaxaca-3.jpg","jetpack_sharing_enabled":true,"_links":{"self":[{"href":"https:\/\/zonaroja.com.mx\/index.php?rest_route=\/wp\/v2\/posts\/16065","targetHints":{"allow":["GET"]}}],"collection":[{"href":"https:\/\/zonaroja.com.mx\/index.php?rest_route=\/wp\/v2\/posts"}],"about":[{"href":"https:\/\/zonaroja.com.mx\/index.php?rest_route=\/wp\/v2\/types\/post"}],"author":[{"embeddable":true,"href":"https:\/\/zonaroja.com.mx\/index.php?rest_route=\/wp\/v2\/users\/2"}],"replies":[{"embeddable":true,"href":"https:\/\/zonaroja.com.mx\/index.php?rest_route=%2Fwp%2Fv2%2Fcomments&post=16065"}],"version-history":[{"count":2,"href":"https:\/\/zonaroja.com.mx\/index.php?rest_route=\/wp\/v2\/posts\/16065\/revisions"}],"predecessor-version":[{"id":16073,"href":"https:\/\/zonaroja.com.mx\/index.php?rest_route=\/wp\/v2\/posts\/16065\/revisions\/16073"}],"wp:featuredmedia":[{"embeddable":true,"href":"https:\/\/zonaroja.com.mx\/index.php?rest_route=\/wp\/v2\/media\/2255"}],"wp:attachment":[{"href":"https:\/\/zonaroja.com.mx\/index.php?rest_route=%2Fwp%2Fv2%2Fmedia&parent=16065"}],"wp:term":[{"taxonomy":"category","embeddable":true,"href":"https:\/\/zonaroja.com.mx\/index.php?rest_route=%2Fwp%2Fv2%2Fcategories&post=16065"},{"taxonomy":"post_tag","embeddable":true,"href":"https:\/\/zonaroja.com.mx\/index.php?rest_route=%2Fwp%2Fv2%2Ftags&post=16065"}],"curies":[{"name":"wp","href":"https:\/\/api.w.org\/{rel}","templated":true}]}}