{"id":16077,"date":"2020-08-09T20:50:55","date_gmt":"2020-08-10T01:50:55","guid":{"rendered":"http:\/\/www.zonaroja.com.mx\/?p=16077"},"modified":"2020-08-09T20:50:58","modified_gmt":"2020-08-10T01:50:58","slug":"aseguran-que-congreso-busca-coadyuvar-a-mejorar-alimentacion-de-ninez","status":"publish","type":"post","link":"https:\/\/zonaroja.com.mx\/?p=16077","title":{"rendered":"Aseguran que Congreso busca coadyuvar a mejorar alimentaci\u00f3n de ni\u00f1ez"},"content":{"rendered":"\n<p>Redacci\u00f3n\/Zona Roja.<\/p>\n\n\n\n<p>Oaxaca de Ju\u00e1rez, Oax. 9 de agosto de\n2020.- La prohibici\u00f3n de la venta de bebidas azucaradas y productos\n\u00abchatarra\u00bb a menores de edad representa una acci\u00f3n legislativa que\nbusca hacer conciencia sobre la alimentaci\u00f3n de las nuevas generaciones, dijo\nHoracio Sosa Villavicencio, presidente de la Junta de Coordinaci\u00f3n Pol\u00edtica\n(Jucopo) en la 64 Legislatura.<\/p>\n\n\n\n<p>\u00abCon la reforma a la Ley de\nProtecci\u00f3n a Ni\u00f1as, Ni\u00f1os y Adolescentes del Estado de Oaxaca, el Congreso\nLocal procura que las nuevas generaciones cuenten con mejores condiciones de\nsalud desde la alimentaci\u00f3n\u00bb, remarc\u00f3 el representante popular.<\/p>\n\n\n\n<p>Consider\u00f3 que es indispensable la\nacci\u00f3n de instancias federales, estatales y municipales para complementar el\nquehacer legislativo.<\/p>\n\n\n\n<p>Dijo que se necesita establecer\nprogramas de activaci\u00f3n y educaci\u00f3n f\u00edsica para que desde la infancia se\nfomenten h\u00e1bitos saludables, as\u00ed como un mayor consumo de alimentos naturales\nexentos de procesos industrializados.<\/p>\n\n\n\n<p>En ese contexto Sosa Villavicencio\ndestac\u00f3 el inter\u00e9s que la reforma aprobada por esta soberan\u00eda ha propiciado a\nnivel nacional. Tambi\u00e9n, resalt\u00f3 que la pandemia actual ha demostrado la\nimportancia de tener una alimentaci\u00f3n adecuada.<\/p>\n\n\n\n<p>Descart\u00f3 categ\u00f3ricamente que se\nrestrinja la venta de productos ultraprocesados y bebidas con alto contenido en\naz\u00facares. \u00danicamente -aclar\u00f3- se proh\u00edbe la venta de esos productos a ni\u00f1os,\nni\u00f1as y adolescentes; pero ser\u00e1 responsabilidad de las madres y padres de\nfamilia la alimentaci\u00f3n de sus hijos e hijas.<\/p>\n\n\n\n<p>Exhort\u00f3 al Gobierno del Estado a\nrespaldar los planteamientos del Poder Legislativo a favor de la salud,\nmediante campa\u00f1as de informaci\u00f3n sobre los efectos de basar la alimentaci\u00f3n en\nproductos conocidos como \u00abchatarra\u00bb. <\/p>\n\n\n\n<p>Fue en sesi\u00f3n ordinaria del pasado\nmi\u00e9rcoles 5 de agosto, que la 64 Legislatura aprob\u00f3, por mayor\u00eda, adicionar el\nArt\u00edculo 20 Bis a la Ley antes mencionada, a fin de prohibir la venta y consumo\nde bebidas azucaradas y alimentos envasados de alto contenido cal\u00f3rico a\nmenores de edad.<\/p>\n","protected":false},"excerpt":{"rendered":"<p>Redacci\u00f3n\/Zona Roja. Oaxaca de Ju\u00e1rez, Oax. 9 de agosto de 2020.- La prohibici\u00f3n de la&hellip;<\/p>\n","protected":false},"author":2,"featured_media":15633,"comment_status":"closed","ping_status":"open","sticky":false,"template":"","format":"standard","meta":{"_lmt_disableupdate":"","_lmt_disable":"","_jetpack_memberships_contains_paid_content":false,"footnotes":""},"categories":[109,46],"tags":[444],"class_list":["post-16077","post","type-post","status-publish","format-standard","has-post-thumbnail","hentry","category-minuto-a-minuto","category-zona-blanca","tag-horacio-sosa-villavicencio"],"jetpack_featured_media_url":"https:\/\/zonaroja.com.mx\/wp-content\/uploads\/2020\/07\/FOTO-2.1-Diputado-Horacio-Sosa-Villavicencio..jpeg","jetpack_sharing_enabled":true,"_links":{"self":[{"href":"https:\/\/zonaroja.com.mx\/index.php?rest_route=\/wp\/v2\/posts\/16077","targetHints":{"allow":["GET"]}}],"collection":[{"href":"https:\/\/zonaroja.com.mx\/index.php?rest_route=\/wp\/v2\/posts"}],"about":[{"href":"https:\/\/zonaroja.com.mx\/index.php?rest_route=\/wp\/v2\/types\/post"}],"author":[{"embeddable":true,"href":"https:\/\/zonaroja.com.mx\/index.php?rest_route=\/wp\/v2\/users\/2"}],"replies":[{"embeddable":true,"href":"https:\/\/zonaroja.com.mx\/index.php?rest_route=%2Fwp%2Fv2%2Fcomments&post=16077"}],"version-history":[{"count":1,"href":"https:\/\/zonaroja.com.mx\/index.php?rest_route=\/wp\/v2\/posts\/16077\/revisions"}],"predecessor-version":[{"id":16078,"href":"https:\/\/zonaroja.com.mx\/index.php?rest_route=\/wp\/v2\/posts\/16077\/revisions\/16078"}],"wp:featuredmedia":[{"embeddable":true,"href":"https:\/\/zonaroja.com.mx\/index.php?rest_route=\/wp\/v2\/media\/15633"}],"wp:attachment":[{"href":"https:\/\/zonaroja.com.mx\/index.php?rest_route=%2Fwp%2Fv2%2Fmedia&parent=16077"}],"wp:term":[{"taxonomy":"category","embeddable":true,"href":"https:\/\/zonaroja.com.mx\/index.php?rest_route=%2Fwp%2Fv2%2Fcategories&post=16077"},{"taxonomy":"post_tag","embeddable":true,"href":"https:\/\/zonaroja.com.mx\/index.php?rest_route=%2Fwp%2Fv2%2Ftags&post=16077"}],"curies":[{"name":"wp","href":"https:\/\/api.w.org\/{rel}","templated":true}]}}