{"id":16087,"date":"2020-08-10T07:58:36","date_gmt":"2020-08-10T12:58:36","guid":{"rendered":"http:\/\/www.zonaroja.com.mx\/?p=16087"},"modified":"2020-08-10T07:58:40","modified_gmt":"2020-08-10T12:58:40","slug":"y-en-donde-esta-el-presidente-oswaldo-garcia-jarquin","status":"publish","type":"post","link":"https:\/\/zonaroja.com.mx\/?p=16087","title":{"rendered":"\u00bfY en d\u00f3nde est\u00e1 el presidente Oswaldo Garc\u00eda Jarqu\u00edn?"},"content":{"rendered":"\n<p>Ismael Garc\u00eda\/Zona Roja.<\/p>\n\n\n\n<p>Oaxaca de Ju\u00e1rez, Oax., 10 de agosto de\n2020.- Desde hace casi dos semanas no aparece en p\u00fablico y en la m\u00e1s reciente\nsesi\u00f3n virtual de Cabildo, no particip\u00f3. <\/p>\n\n\n\n<p>A Oswaldo Garc\u00eda Jarqu\u00edn no se le ve\npor ning\u00fan lado y el desastre de su gobierno es cada vez m\u00e1s evidente, en m\u00e1s\nde a\u00f1o y medio de mandato del morenista, que se perfila al fracaso.<\/p>\n\n\n\n<p>Hasta hace apenas dos meses, busc\u00f3\nafanosamente, incluyendo en la ciudad de M\u00e9xico, el respaldo de funcionarios y\npol\u00edticos a nivel federal; en la entidad, \u00fanicamente ha solicitado el apoyo de\ndelegados de dependencias del gobierno de la Cuarta Transformaci\u00f3n.<\/p>\n\n\n\n<p>La raz\u00f3n: quer\u00eda repetir en la\npresidencia municipal de Oaxaca de Ju\u00e1rez, o en su defecto, a una diputaci\u00f3n\nlocal. Pero ni uno ni otro, pues sus resultados son m\u00e1s que negativos en todos\nlos aspectos. En el colmo, desde varios d\u00edas literalmente abandon\u00f3 el gobierno\nmunicipal.<\/p>\n\n\n\n<p>En un art\u00edculo pasado se detall\u00f3 el\norigen empresarial de Garc\u00eda Jarqu\u00edn y sus nulos roces con y relaci\u00f3n con la\npoblaci\u00f3n de carne y hueso; poco ha hecho para remediar esa situaci\u00f3n. <\/p>\n\n\n\n<p>\u00bfCU\u00c1L SEGURIDAD?<\/p>\n\n\n\n<p>La lista de su desastre es larga:<\/p>\n\n\n\n<p>* El fracaso principal, la seguridad:\nde acuerdo con informaci\u00f3n recabada por ZONA ROJA, en los primeros seis meses\nde 2020, la capital acumul\u00f3 la comisi\u00f3n de 19 homicidios dolosos y 355 lesiones\ndolosas, seg\u00fan informes oficiales.<\/p>\n\n\n\n<p>El 53 por ciento de los homicidios se\ncometieron entre los meses de abril y junio, es decir, durante el periodo\ndeclarado de contingencia sanitaria por covid-19 en M\u00e9xico a finales del mes de\nmarzo; 13 de los homicidios los realizaron con el uso de arma de fuego.<\/p>\n\n\n\n<p>En la semana que termin\u00f3, por lo menos\ncinco personas estuvieron a punto de ser linchadas, principalmente en las\nagencias de San Mart\u00edn Mexic\u00e1pam, San Juan Chapultepec y Santa Rosa Panzacola,\nante la creciente irritaci\u00f3n social por falta de seguridad.<\/p>\n\n\n\n<p>Tambi\u00e9n la semana pasada, resurgi\u00f3 la\ninconformidad policial, por escaso apoyo en equipos de seguridad ante la\npandemia por Covid; en lugar de atender el caso, la autoridad municipal\nrespondi\u00f3 con amago de detenciones a quienes han denunciado.<\/p>\n\n\n\n<p>BATALLA PERDIDA<\/p>\n\n\n\n<p>* El combate al nuevo coronavirus es\notra batalla perdida; apenas este domingo 9 de agosto, se registraron 29 casos\npositivos y hasta esa fecha se acumulaban tres mil 73 confirmados; el que m\u00e1s\nse le aproxima en n\u00fameros, es Tuxtepec, con mil 194. <\/p>\n\n\n\n<p>Y el descuido ha sido m\u00e1s que evidente;\nal inicio de la pandemia invirti\u00f3 millones de pesos para adquirir al menos\ncuatro cabinas policiales, supuestamente para vigilar los accesos, tomar la\ntemperatura a quienes ingresan, revisar que no entraran a la ciudad personas\ncon s\u00edntomas; dur\u00f3 pocas semanas. Las unidades siguen en los principales\naccesos pero muy de vez en cuando se colocan los polic\u00edas, s\u00f3lo para observar\nel paso de las unidades de motor.<\/p>\n\n\n\n<p>Tambi\u00e9n al inicio, hab\u00eda asignado\npolic\u00edas a patrullar y vigilar el Centro Hist\u00f3rico y sus sitios p\u00fablicos, para\nevitar reuniones masivas; hoy abandon\u00f3 esa labor, que realiza la Polic\u00eda Estatal.<\/p>\n\n\n\n<p>En absoluto hay personal del\nayuntamiento en los principales sitios orientando a la poblaci\u00f3n acerca de las\nmedidas de sanidad, otorgando gel o proporcionando cubrebocas.<\/p>\n\n\n\n<p>Las despensas que repart\u00eda en las\ncolonias, no duraron ni dos meses y s\u00f3lo fue una vez por familia; aunque hab\u00eda\nmiles de bolsas con productos b\u00e1sicos resguardadas en bodegas, nadie sabe d\u00f3nde\nterminaron. \u00bfLa Central de Abasto?, igual, con la grave situaci\u00f3n de la\npandemia y el abandono.<\/p>\n\n\n\n<p>* El ambulantaje regres\u00f3 en medio del\nsem\u00e1foro rojo y con m\u00e1s fuerza, tambi\u00e9n sin medidas de sana distancia, y viola\nhasta los acuerdos del ayuntamiento; por ejemplo, antes de la pandemia, los\ninformales del Andador Tur\u00edstico se deber\u00edan instalar despu\u00e9s de las tres de la\ntarde; hoy son cada vez m\u00e1s y se instalan desde temprano.<\/p>\n\n\n\n<p>Otro ejemplo: los instalados en la\nprimera calle de Flores Mag\u00f3n ya comenzaron a dar vuelta a la calle y abarcan\nespacios de la segunda calle de Las Casas; en pleno Centro Hist\u00f3rico.<\/p>\n\n\n\n<p>El portal del Palacio de Gobierno y el\ncorredor del z\u00f3calo de enfrente, de fiesta y cada vez m\u00e1s grandes los puestos;\ncopado totalmente el sitio, con excesiva tolerancia hacia organizaciones que\ninvadieron desde hace meses. <\/p>\n\n\n\n<p>La calle Gurri\u00f3n, a un costado de Santo\nDomingo de Guzm\u00e1n, tambi\u00e9n invadida y en crecimiento, al igual que la calle de\nAlcal\u00e1, junto al Centro Cultural Santo Domingo, que ya dobla la esquina del\ninmueble. No hay control, mucho menos acciones preventivas ante la pandemia.<\/p>\n\n\n\n<p>* La lista es larga y est\u00e1 tambi\u00e9n el\naspecto social; desde hace dos semanas comenzaron a resurgir las\ninconformidades por la nula atenci\u00f3n a la obra p\u00fablica en colonias y agencias\nde la zona norte; dos semanas en que no hubo atenci\u00f3n por parte del\nayuntamiento, mucho menos del edil Garc\u00eda Jarqu\u00edn, ausente.<\/p>\n\n\n\n<p>No se ha visto ni en comunicados de\nprensa, la obra p\u00fablica; por el contrario, la autoridad alega falta de recursos\nfinancieros.<\/p>\n\n\n\n<p>Ni siquiera ha sido capaz de atender a\nlos damnificados por el incendio de locales en el Mercado de Abasto, pues continuamente\nhay protestas; en el colmo, los coloc\u00f3 en un \u00e1rea provisional, bajo una amplia\nlona, que les ha querido cobrar a los afectados.<\/p>\n\n\n\n<p>\u00bfEN D\u00d3NDE EST\u00c1?<\/p>\n\n\n\n<p>Nadie sabe en d\u00f3nde anda el edil\ncapitalino y las especulaciones surgen de inmediato; se perdi\u00f3 en el alcohol,\ntiene Covid, ya est\u00e1 decepcionado del gobierno\u2026 son los rumores, a falta de\ninformaci\u00f3n oficial.<\/p>\n\n\n\n<p>La realidad es que Oswaldo Garc\u00eda\nJarqu\u00edn ya se sinti\u00f3 derrotado y ya le informaron que no tiene ninguna\nesperanza para aspirar repetir en la presidencia municipal o una diputaci\u00f3n.<\/p>\n\n\n\n<p>No tiene ninguna simpat\u00eda con los\ndiputados locales por Morena, mientras que de los federales, s\u00f3lo tiene el\nrespaldo condicionado de Azael Santiago Chepi, su compa\u00f1ero de farra, por\ncierto.<\/p>\n\n\n\n<p>Tan decepcionado est\u00e1 que orden\u00f3 ya\nreducir al m\u00ednimo los pagos publicitarios a medios de comunicaci\u00f3n, lo que le\nacarrear\u00e1 una mayor cantidad de cr\u00edticas.<\/p>\n\n\n\n<p>Tan decepcionado est\u00e1 que tiene\nabandonado el ayuntamiento y los funcionarios municipales hacen lo que pueden,\no no hacen nada.<\/p>\n\n\n\n<p>Su constante violaci\u00f3n a la ley y\nagresiones al g\u00e9nero femenino como es el caso de Jaqueline Escamilla\nVillanueva, le granjearon las antipat\u00edas del gremio de feministas y del propio\ngobierno federal. Oswaldo Garc\u00eda Jarqu\u00edn ya se siente derrotado, y est\u00e1\nderrotado. <\/p>\n","protected":false},"excerpt":{"rendered":"<p>Ismael Garc\u00eda\/Zona Roja. Oaxaca de Ju\u00e1rez, Oax., 10 de agosto de 2020.- Desde hace casi&hellip;<\/p>\n","protected":false},"author":2,"featured_media":7610,"comment_status":"closed","ping_status":"open","sticky":false,"template":"","format":"standard","meta":{"_lmt_disableupdate":"","_lmt_disable":"","_jetpack_memberships_contains_paid_content":false,"footnotes":""},"categories":[456,109,48],"tags":[1353],"class_list":["post-16087","post","type-post","status-publish","format-standard","has-post-thumbnail","hentry","category-columna","category-minuto-a-minuto","category-zona-critica","tag-opinion-zona-critica"],"jetpack_featured_media_url":"https:\/\/zonaroja.com.mx\/wp-content\/uploads\/2020\/01\/Opini\u00f3n-Zona-Cr\u00edtica.jpg","jetpack_sharing_enabled":true,"_links":{"self":[{"href":"https:\/\/zonaroja.com.mx\/index.php?rest_route=\/wp\/v2\/posts\/16087","targetHints":{"allow":["GET"]}}],"collection":[{"href":"https:\/\/zonaroja.com.mx\/index.php?rest_route=\/wp\/v2\/posts"}],"about":[{"href":"https:\/\/zonaroja.com.mx\/index.php?rest_route=\/wp\/v2\/types\/post"}],"author":[{"embeddable":true,"href":"https:\/\/zonaroja.com.mx\/index.php?rest_route=\/wp\/v2\/users\/2"}],"replies":[{"embeddable":true,"href":"https:\/\/zonaroja.com.mx\/index.php?rest_route=%2Fwp%2Fv2%2Fcomments&post=16087"}],"version-history":[{"count":1,"href":"https:\/\/zonaroja.com.mx\/index.php?rest_route=\/wp\/v2\/posts\/16087\/revisions"}],"predecessor-version":[{"id":16088,"href":"https:\/\/zonaroja.com.mx\/index.php?rest_route=\/wp\/v2\/posts\/16087\/revisions\/16088"}],"wp:featuredmedia":[{"embeddable":true,"href":"https:\/\/zonaroja.com.mx\/index.php?rest_route=\/wp\/v2\/media\/7610"}],"wp:attachment":[{"href":"https:\/\/zonaroja.com.mx\/index.php?rest_route=%2Fwp%2Fv2%2Fmedia&parent=16087"}],"wp:term":[{"taxonomy":"category","embeddable":true,"href":"https:\/\/zonaroja.com.mx\/index.php?rest_route=%2Fwp%2Fv2%2Fcategories&post=16087"},{"taxonomy":"post_tag","embeddable":true,"href":"https:\/\/zonaroja.com.mx\/index.php?rest_route=%2Fwp%2Fv2%2Ftags&post=16087"}],"curies":[{"name":"wp","href":"https:\/\/api.w.org\/{rel}","templated":true}]}}