{"id":16089,"date":"2020-08-10T08:50:30","date_gmt":"2020-08-10T13:50:30","guid":{"rendered":"http:\/\/www.zonaroja.com.mx\/?p=16089"},"modified":"2020-08-10T15:35:54","modified_gmt":"2020-08-10T20:35:54","slug":"registra-oaxaca-otra-masacre-ahora-en-zoquitlan-valles-centrales","status":"publish","type":"post","link":"https:\/\/zonaroja.com.mx\/?p=16089","title":{"rendered":"Registra Oaxaca otra masacre, ahora en Zoquitl\u00e1n, Valles Centrales"},"content":{"rendered":"\n<p>Redacci\u00f3n\/Zona Roja.<\/p>\n\n\n\n<p>Oaxaca de Ju\u00e1rez, Oax., 10 de agosto de\n2020.- Una familia fue masacrada esta domingo, en la localidad de Candelaria\nYegole, perteneciente al municipio de Santa Mar\u00eda Zoquitl\u00e1n, del distrito de\nTlacolula, Oaxaca.<\/p>\n\n\n\n<p>De acuerdo con los primeros reportes extraoficiales, se trata de seis personas, entre ellos cuatro hombres y dos mujeres, que fueron acribilladas en su domicilio, presuntamente por un conflicto agrario.<\/p>\n\n\n\n<p>Hasta la ma\u00f1ana de hoy no hay mayores datos de fuentes oficiales acerca de la masacre. La Secretar\u00eda General de Gobierno y la Fiscal\u00eda General del Estado han guardado hermetismo sobre el caso. <\/p>\n\n\n\n<p>Despu\u00e9s del mediod\u00eda de este lunes, la Fiscal\u00eda General confirm\u00f3  a trav\u00e9s de sus redes sociales el asesinato de seis personas en Candelaria Yegole, por lo cual abri\u00f3 la carpeta de investigaci\u00f3n 24240\/FVCE\/TLACOLULA\/2020.<\/p>\n\n\n\n<figure class=\"wp-block-embed-twitter wp-block-embed is-type-rich is-provider-twitter\"><div class=\"wp-block-embed__wrapper\">\n<div class=\"twitter-tweet\"><blockquote class=\"twitter-tweet\" data-lang=\"es\"><p lang=\"es\" dir=\"ltr\">La <a href=\"https:\/\/twitter.com\/FISCALIA_GobOax?ref_src=twsrc%5Etfw\">@FISCALIA_GobOax<\/a> inici\u00f3 la carpeta de investigaci\u00f3n 24240\/FVCE\/TLACOLULA\/2020 respecto a los hechos violentos suscitados en <a href=\"https:\/\/twitter.com\/hashtag\/CandelariaYegole?src=hash&amp;ref_src=twsrc%5Etfw\">#CandelariaYegole<\/a>, jurisdicci\u00f3n <a href=\"https:\/\/twitter.com\/hashtag\/SantaMar%C3%ADaZoquitl%C3%A1n?src=hash&amp;ref_src=twsrc%5Etfw\">#SantaMar\u00edaZoquitl\u00e1n<\/a>, donde se report\u00f3 de manera preliminar el fallecimiento de 6 personas. (1\/2) <a href=\"https:\/\/t.co\/ZHLa3XxYFy\">pic.twitter.com\/ZHLa3XxYFy<\/a><\/p>&mdash; Fiscal\u00eda General (@FISCALIA_GobOax) <a href=\"https:\/\/twitter.com\/FISCALIA_GobOax\/status\/1292894092125507585?ref_src=twsrc%5Etfw\">10 de agosto de 2020<\/a><\/blockquote><\/div>\n<\/div><\/figure>\n\n\n\n<p>El pasado viernes, la Fiscal\u00eda General inform\u00f3 a trav\u00e9s de un comunicado que  junto con la Guardia Nacional realiz\u00f3 un cateo en Santa Mar\u00eda Zoquitl\u00e1n, en domicilios particulares ubicados en el Barrio de Pante\u00f3n.<\/p>\n\n\n\n<p>Seg\u00fan detall\u00f3, \u201clos elementos de las\nfuerzas federales fueron agredidos con disparos de arma de fuego.<\/p>\n\n\n\n<p>\u201cTras repeler la agresi\u00f3n, Agentes\nEstatales de Investigaci\u00f3n ingresaron a los domicilios, asegurando armas largas\ny cortas, cargadores y cartuchos de diferentes calibres.<\/p>\n\n\n\n<p>\u201cAsimismo, se asegur\u00f3 hierba seca con\ncaracter\u00edsticas de marihuana, una cuatrimoto y un cachorro de tigre, el cual\nser\u00e1 puesto a disposici\u00f3n de la Procuradur\u00eda Federal de Protecci\u00f3n al Ambiente.<\/p>\n\n\n\n<p>\u201cAdem\u00e1s, se logr\u00f3 la detenci\u00f3n de 3\nmasculinos identificados como A. V. E. F., de 21 a\u00f1os, G. R. E., de 19 a\u00f1os y\nU. L. H., de 20 a\u00f1os, as\u00ed como un adolescente de 17 a\u00f1os, quienes fueron\npuestos a disposici\u00f3n de la autoridad correspondiente\u201d.<\/p>\n","protected":false},"excerpt":{"rendered":"<p>Redacci\u00f3n\/Zona Roja. Oaxaca de Ju\u00e1rez, Oax., 10 de agosto de 2020.- Una familia fue masacrada&hellip;<\/p>\n","protected":false},"author":2,"featured_media":16090,"comment_status":"closed","ping_status":"open","sticky":false,"template":"","format":"standard","meta":{"_lmt_disableupdate":"","_lmt_disable":"","_jetpack_memberships_contains_paid_content":false,"footnotes":""},"categories":[109,47],"tags":[201],"class_list":["post-16089","post","type-post","status-publish","format-standard","has-post-thumbnail","hentry","category-minuto-a-minuto","category-zona-gris","tag-santa-maria-zoquitlan"],"jetpack_featured_media_url":"https:\/\/zonaroja.com.mx\/wp-content\/uploads\/2020\/08\/Santa-Mar\u00eda-Zoquitl\u00e1n.jpg","jetpack_sharing_enabled":true,"_links":{"self":[{"href":"https:\/\/zonaroja.com.mx\/index.php?rest_route=\/wp\/v2\/posts\/16089","targetHints":{"allow":["GET"]}}],"collection":[{"href":"https:\/\/zonaroja.com.mx\/index.php?rest_route=\/wp\/v2\/posts"}],"about":[{"href":"https:\/\/zonaroja.com.mx\/index.php?rest_route=\/wp\/v2\/types\/post"}],"author":[{"embeddable":true,"href":"https:\/\/zonaroja.com.mx\/index.php?rest_route=\/wp\/v2\/users\/2"}],"replies":[{"embeddable":true,"href":"https:\/\/zonaroja.com.mx\/index.php?rest_route=%2Fwp%2Fv2%2Fcomments&post=16089"}],"version-history":[{"count":3,"href":"https:\/\/zonaroja.com.mx\/index.php?rest_route=\/wp\/v2\/posts\/16089\/revisions"}],"predecessor-version":[{"id":16105,"href":"https:\/\/zonaroja.com.mx\/index.php?rest_route=\/wp\/v2\/posts\/16089\/revisions\/16105"}],"wp:featuredmedia":[{"embeddable":true,"href":"https:\/\/zonaroja.com.mx\/index.php?rest_route=\/wp\/v2\/media\/16090"}],"wp:attachment":[{"href":"https:\/\/zonaroja.com.mx\/index.php?rest_route=%2Fwp%2Fv2%2Fmedia&parent=16089"}],"wp:term":[{"taxonomy":"category","embeddable":true,"href":"https:\/\/zonaroja.com.mx\/index.php?rest_route=%2Fwp%2Fv2%2Fcategories&post=16089"},{"taxonomy":"post_tag","embeddable":true,"href":"https:\/\/zonaroja.com.mx\/index.php?rest_route=%2Fwp%2Fv2%2Ftags&post=16089"}],"curies":[{"name":"wp","href":"https:\/\/api.w.org\/{rel}","templated":true}]}}