{"id":1609,"date":"2019-06-12T22:18:42","date_gmt":"2019-06-13T03:18:42","guid":{"rendered":"http:\/\/www.zonaroja.com.mx\/?p=1609"},"modified":"2019-06-14T09:07:41","modified_gmt":"2019-06-14T14:07:41","slug":"impune-la-masacre-en-nochixtlan-y-amlo-apuesta-al-perdon","status":"publish","type":"post","link":"https:\/\/zonaroja.com.mx\/?p=1609","title":{"rendered":"Impune la masacre en Nochixtl\u00e1n\u2026 y AMLO apuesta al perd\u00f3n"},"content":{"rendered":"\n<p>Redacci\u00f3n<\/p>\n\n\n\n<p>Oaxaca de\nJu\u00e1rez, Oax., a 12 de junio de 2019.- A casi tres a\u00f1os del asesinato de ocho\npersonas tras un enfrentamiento de polic\u00edas federales y estatales con miembros\nde la Secci\u00f3n 22 del SNTE y activistas de Asunci\u00f3n Nochixtl\u00e1n, a\u00fan no hay una\npersona detenida.<\/p>\n\n\n\n<p>El gobierno\nde Andr\u00e9s Manuel L\u00f3pez apuesta al olvido pol\u00edtico, al perd\u00f3n, pero no lo vamos\na permitir, queremos a los ex funcionarios detr\u00e1s de la c\u00e1rcel, manifestaron\nhoy en conferencia de prensa.<\/p>\n\n\n\n<p>El 19 de\njunio de 2019 polic\u00edas acudieron a retirar un bloqueo a la supercarretera\nOaxaca-Cuanopalan, a la altura de Nochixtl\u00e1n, pero se suscit\u00f3 un enfrentamiento\nen ese lugar y posteriormente en el crucero de Trinidad de Viguera, con p\u00e9rdida\nde vidas humanas y cuantiosos da\u00f1os materiales.<\/p>\n\n\n\n<figure class=\"wp-block-image\"><img decoding=\"async\" width=\"1024\" height=\"768\" src=\"http:\/\/www.zonaroja.com.mx\/wp-content\/uploads\/2019\/06\/Conferencia-Nochixtl\u00e1n-1-1024x768.jpg\" alt=\"\" class=\"wp-image-1611\" srcset=\"https:\/\/zonaroja.com.mx\/wp-content\/uploads\/2019\/06\/Conferencia-Nochixtl\u00e1n-1-1024x768.jpg 1024w, https:\/\/zonaroja.com.mx\/wp-content\/uploads\/2019\/06\/Conferencia-Nochixtl\u00e1n-1-300x225.jpg 300w, https:\/\/zonaroja.com.mx\/wp-content\/uploads\/2019\/06\/Conferencia-Nochixtl\u00e1n-1-768x576.jpg 768w, https:\/\/zonaroja.com.mx\/wp-content\/uploads\/2019\/06\/Conferencia-Nochixtl\u00e1n-1-585x439.jpg 585w, https:\/\/zonaroja.com.mx\/wp-content\/uploads\/2019\/06\/Conferencia-Nochixtl\u00e1n-1.jpg 1152w\" sizes=\"(max-width: 1024px) 100vw, 1024px\" \/><figcaption>Foto: Especial<\/figcaption><\/figure>\n\n\n\n<p>\u201cExigimos a\nla Fiscal\u00eda General de la Rep\u00fablica que investigue la cadena de mando\nresponsable de la masacre en Nochixtl\u00e1n. Exigimos que ordene la comparecencia\nde Enrique Pe\u00f1a Nieto, de Miguel \u00c1ngel Osorio Chong, de Enrique Galindo\nCeballos y de Renato Sales Heredia.<\/p>\n\n\n\n<p>\u201cAs\u00ed como\ndel ex gobernador Gabino Cu\u00e9 Monteagudo, por su participaci\u00f3n en la toma de\ndecisiones sobre los operativos realizados el 19 de junio de 2016\u201d, expuso el\nrepresentante del Comit\u00e9 de V\u00edctimas, Santiago Ambrosio.<\/p>\n\n\n\n<p>Durante la conferencia\nde prensa en la sede de la Secci\u00f3n 22 del SNTE, demand\u00f3 que el Presidente de\nM\u00e9xico, Andr\u00e9s Manuel L\u00f3pez Obrador, cese la pol\u00edtica del perd\u00f3n hacia quienes\nordenaron la masacre en Nochixtl\u00e1n, que dej\u00f3 como saldo ocho muertos y m\u00e1s de\nun centenar de heridos.<\/p>\n\n\n\n<p>Inform\u00f3 que\nel pasado 22 de marzo los representantes de las v\u00edctimas solicitaron a la\nFiscal\u00eda General de la Rep\u00fablica que llevara a cabo diversos actos de\ninvestigaci\u00f3n tendientes a esclarecer los hechos, por lo cual esperan que la\ninstituci\u00f3n que encabeza Alejandro Gertz Manero, cumpla.<\/p>\n\n\n\n<p>El vocero\ndel magisterio, Wilbert Santiago Valdivieso, reforz\u00f3 que los trabajadores de la\neducaci\u00f3n no est\u00e1n de acuerdo en la amnist\u00eda que se debe dar a quienes fueron\nlos autores materiales e intelectuales de los hechos violentos.<\/p>\n\n\n\n<p>Este 18 y 19\nde junio, efectuar\u00e1n una serie de actividades en Asunci\u00f3n Nochixtl\u00e1n, entre\nellas una marcha masiva.<\/p>\n","protected":false},"excerpt":{"rendered":"<p>Redacci\u00f3n Oaxaca de Ju\u00e1rez, Oax., a 12 de junio de 2019.- A casi tres a\u00f1os&hellip;<\/p>\n","protected":false},"author":2,"featured_media":1610,"comment_status":"closed","ping_status":"open","sticky":false,"template":"","format":"standard","meta":{"_lmt_disableupdate":"","_lmt_disable":"","_jetpack_memberships_contains_paid_content":false,"footnotes":""},"categories":[51],"tags":[105,106,104],"class_list":["post-1609","post","type-post","status-publish","format-standard","has-post-thumbnail","hentry","category-zona-roja","tag-gabino-cue-monteagudo","tag-masacre","tag-nochixtlan"],"jetpack_featured_media_url":"https:\/\/zonaroja.com.mx\/wp-content\/uploads\/2019\/06\/Conferencia-Nochixtl\u00e1n-2.jpg","jetpack_sharing_enabled":true,"_links":{"self":[{"href":"https:\/\/zonaroja.com.mx\/index.php?rest_route=\/wp\/v2\/posts\/1609","targetHints":{"allow":["GET"]}}],"collection":[{"href":"https:\/\/zonaroja.com.mx\/index.php?rest_route=\/wp\/v2\/posts"}],"about":[{"href":"https:\/\/zonaroja.com.mx\/index.php?rest_route=\/wp\/v2\/types\/post"}],"author":[{"embeddable":true,"href":"https:\/\/zonaroja.com.mx\/index.php?rest_route=\/wp\/v2\/users\/2"}],"replies":[{"embeddable":true,"href":"https:\/\/zonaroja.com.mx\/index.php?rest_route=%2Fwp%2Fv2%2Fcomments&post=1609"}],"version-history":[{"count":3,"href":"https:\/\/zonaroja.com.mx\/index.php?rest_route=\/wp\/v2\/posts\/1609\/revisions"}],"predecessor-version":[{"id":1628,"href":"https:\/\/zonaroja.com.mx\/index.php?rest_route=\/wp\/v2\/posts\/1609\/revisions\/1628"}],"wp:featuredmedia":[{"embeddable":true,"href":"https:\/\/zonaroja.com.mx\/index.php?rest_route=\/wp\/v2\/media\/1610"}],"wp:attachment":[{"href":"https:\/\/zonaroja.com.mx\/index.php?rest_route=%2Fwp%2Fv2%2Fmedia&parent=1609"}],"wp:term":[{"taxonomy":"category","embeddable":true,"href":"https:\/\/zonaroja.com.mx\/index.php?rest_route=%2Fwp%2Fv2%2Fcategories&post=1609"},{"taxonomy":"post_tag","embeddable":true,"href":"https:\/\/zonaroja.com.mx\/index.php?rest_route=%2Fwp%2Fv2%2Ftags&post=1609"}],"curies":[{"name":"wp","href":"https:\/\/api.w.org\/{rel}","templated":true}]}}