{"id":16098,"date":"2020-08-10T13:45:24","date_gmt":"2020-08-10T18:45:24","guid":{"rendered":"https:\/\/www.zonaroja.com.mx\/?p=16098"},"modified":"2020-08-10T13:45:27","modified_gmt":"2020-08-10T18:45:27","slug":"elida-deja-danos-en-san-felipe-usila-decenas-de-casas-inundadas","status":"publish","type":"post","link":"https:\/\/zonaroja.com.mx\/?p=16098","title":{"rendered":"\u201cElida\u201d deja da\u00f1os en San Felipe Usila; decenas de casas inundadas"},"content":{"rendered":"\n<p class=\"MsoNormal\">Yuridiana Sosa\/Zona Roja. <\/p>\n\n\n\n<p class=\"MsoNormal\">San Juan Bautista Tuxtepec, Oax., 10 de agosto de 2020.- En su paso por el estado, el cicl\u00f3n tropical \u201cElida\u201d dej\u00f3 afectaciones en el municipio de San Felipe Usila, en la regi\u00f3n de la Cuenca, con decenas de casas inundadas y deslaves de cerros que conectan con el municipio de Tlacoatzintepec, sin que se presentaran da\u00f1os en la poblaci\u00f3n o p\u00e9rdidas de vidas humanas.<\/p>\n\n\n\n<p class=\"MsoNormal\">El reporte preliminar de la delegaci\u00f3n regional en la Cuenca de la Coordinaci\u00f3n Estatal de Protecci\u00f3n Civil indic\u00f3 que el r\u00edo \u201cUsila\u201d presenta niveles normales, sin embargo, fueron los abundantes escurrimientos desde la parte alta de la zona y el colapso de los drenajes lo que provoc\u00f3 las inundaciones.<\/p>\n\n\n\n<p class=\"MsoNormal\">En el recuento de da\u00f1os, se han contabilizado afectaciones en cuatro colonias asentadas en zonas bajas, vulnerables a anegaciones, las cuales comenzaron a reportar altos niveles de agua en sus viviendas durante la madrugada del lunes.<\/p>\n\n\n\n<p class=\"MsoNormal\">Las autoridades municipales reportaron que acudieron a los asentamientos damnificados para comenzar con el apoyo necesario para que libren la contingencia, adem\u00e1s de mantener vigilancia en el afluente.&nbsp;<\/p>\n\n\n\n<p class=\"MsoNormal\">Las constantes lluvias generaron deslaves en algunos puntos del camino serrano que comunica a Usila con el vecino municipio de San Juan Bautista Tlacoatzintepec, report\u00f3 el preliminar de Protecci\u00f3n Civil.<\/p>\n\n\n\n<p class=\"MsoNormal\">As\u00ed tambi\u00e9n, se mantiene en vigilancia el r\u00edo de Valle Nacional, que desde el viernes pasado comenz\u00f3 a registrar fuertes corrientes y aumento en sus niveles.<\/p>\n","protected":false},"excerpt":{"rendered":"<p>Yuridiana Sosa\/Zona Roja. San Juan Bautista Tuxtepec, Oax., 10 de agosto de 2020.- En su&hellip;<\/p>\n","protected":false},"author":2,"featured_media":16097,"comment_status":"closed","ping_status":"open","sticky":false,"template":"","format":"standard","meta":{"_lmt_disableupdate":"","_lmt_disable":"","_jetpack_memberships_contains_paid_content":false,"footnotes":""},"categories":[109,47],"tags":[],"class_list":["post-16098","post","type-post","status-publish","format-standard","has-post-thumbnail","hentry","category-minuto-a-minuto","category-zona-gris"],"jetpack_featured_media_url":"https:\/\/zonaroja.com.mx\/wp-content\/uploads\/2020\/08\/5a5a0175-45e0-4209-9bfe-0894f115a595.jpg","jetpack_sharing_enabled":true,"_links":{"self":[{"href":"https:\/\/zonaroja.com.mx\/index.php?rest_route=\/wp\/v2\/posts\/16098","targetHints":{"allow":["GET"]}}],"collection":[{"href":"https:\/\/zonaroja.com.mx\/index.php?rest_route=\/wp\/v2\/posts"}],"about":[{"href":"https:\/\/zonaroja.com.mx\/index.php?rest_route=\/wp\/v2\/types\/post"}],"author":[{"embeddable":true,"href":"https:\/\/zonaroja.com.mx\/index.php?rest_route=\/wp\/v2\/users\/2"}],"replies":[{"embeddable":true,"href":"https:\/\/zonaroja.com.mx\/index.php?rest_route=%2Fwp%2Fv2%2Fcomments&post=16098"}],"version-history":[{"count":1,"href":"https:\/\/zonaroja.com.mx\/index.php?rest_route=\/wp\/v2\/posts\/16098\/revisions"}],"predecessor-version":[{"id":16099,"href":"https:\/\/zonaroja.com.mx\/index.php?rest_route=\/wp\/v2\/posts\/16098\/revisions\/16099"}],"wp:featuredmedia":[{"embeddable":true,"href":"https:\/\/zonaroja.com.mx\/index.php?rest_route=\/wp\/v2\/media\/16097"}],"wp:attachment":[{"href":"https:\/\/zonaroja.com.mx\/index.php?rest_route=%2Fwp%2Fv2%2Fmedia&parent=16098"}],"wp:term":[{"taxonomy":"category","embeddable":true,"href":"https:\/\/zonaroja.com.mx\/index.php?rest_route=%2Fwp%2Fv2%2Fcategories&post=16098"},{"taxonomy":"post_tag","embeddable":true,"href":"https:\/\/zonaroja.com.mx\/index.php?rest_route=%2Fwp%2Fv2%2Ftags&post=16098"}],"curies":[{"name":"wp","href":"https:\/\/api.w.org\/{rel}","templated":true}]}}