{"id":16100,"date":"2020-08-10T15:29:32","date_gmt":"2020-08-10T20:29:32","guid":{"rendered":"http:\/\/www.zonaroja.com.mx\/?p=16100"},"modified":"2020-08-10T15:29:37","modified_gmt":"2020-08-10T20:29:37","slug":"denuncian-indolencia-de-gobierno-ante-retenidos-ddhpo-exige-liberacion-inmediata","status":"publish","type":"post","link":"https:\/\/zonaroja.com.mx\/?p=16100","title":{"rendered":"Denuncian indolencia de gobierno ante retenidos; DDHPO exige liberaci\u00f3n inmediata"},"content":{"rendered":"\n<p>Evlin Arag\u00f3n\/Zona Roja.<\/p>\n\n\n\n<p>Oaxaca de Ju\u00e1rez, Oax., 10 de agosto de\n2020.- A 12 d\u00edas de la retenci\u00f3n de una docena personas, habitantes de San\nMart\u00edn Peras llegaron a la capital de Oaxaca para denunciar que contin\u00faa la\nproblem\u00e1tica, ya que a\u00fan cuatro pobladores de la localidad permanecen privados\nde su libertad. <\/p>\n\n\n\n<p>Mientras tanto, la Defensor\u00eda de los\nDerechos Humanos del Pueblo de Oaxaca (DDHPO) emiti\u00f3 un comunicado para exigir la\nliberaci\u00f3n inmediata de los retenidos, adem\u00e1s de refrendar medidas cautelares a\nfavor de Peras.<\/p>\n\n\n\n<p>Por la ma\u00f1ana, autoridades de la\nlocalidad y familiares de las personas retenidas hicieron presencia a las\nafueras de Palacio de Gobierno para denunciar al agente municipal de Santos\nReyes Zochiquilazala, Antonio Garza Rubio, de utilizar la situaci\u00f3n para\nsatisfacer intereses econ\u00f3micos.&nbsp; <\/p>\n\n\n\n<p>\u201cVenimos a exigir la liberaci\u00f3n de\nnuestros paisanos Hiidekel Rivera, Artemio Huerta, P\u00e1nfilo Gonz\u00e1lez y Rafael\nHern\u00e1ndez, retenidos desde el 30 de julio. Son 12 d\u00edas en lo que no hemos\ntenido noticias de ellos y no hemos sabido cu\u00e1l es su situaci\u00f3n en la retenci\u00f3n\u201d,\nargumentaron en conferencia de prensa.&nbsp;&nbsp; <\/p>\n\n\n\n<p>Explicaron que han presentado la\ndenuncia correspondiente a la Fiscal\u00eda General del Estado, as\u00ed como han pedido\nuna orden de amparo en el Juez Federal del Octavo Distrito por la privaci\u00f3n\nilegal de sus hermanos, quien orden\u00f3 la libertad de sus paisanos en 24 horas,\nacci\u00f3n que no ha sido cumplida. <\/p>\n\n\n\n<p>Dicho desacat\u00f3 podr\u00eda valerle una multa\nde cien a mil Unidades de Medida a las autoridades de Santos Reyes Zochiquilaza\ny Santiago Juxtlahuaca, Antonio Garza Rubio y Nicol\u00e1s Feria Romero,\nrespectivamente, quienes tambi\u00e9n podr\u00edan hacerse acreedores a prisi\u00f3n y\nquedarse sin la posibilidad de aspirar a un nuevo cargo de representaci\u00f3n\npopular.&nbsp; <\/p>\n\n\n\n<p>Como lo hicieron previamente a trav\u00e9s\nde un documento, los representantes de San Mart\u00edn Peras negaron que exista un\nconflicto agrario y por el contrario se\u00f1alaron intereses personales y\necon\u00f3micos detr\u00e1s de la retenci\u00f3n de sus compa\u00f1eros.&nbsp; <\/p>\n\n\n\n<p>\u201cSomos gente de paz, honesta, honorable\ny no nos conducimos con mentiras como ello han tratado de hacer creer que este\nacto responde a una cuesti\u00f3n agraria, lo cual nosotros desmentimos\ncateg\u00f3ricamente. Nosotros no tenemos ning\u00fan problema agrario con los de Santos\nReyes Zochiquilaza\u201d, indicaron.&nbsp; <\/p>\n\n\n\n<p>Finalmente, reiteraron que para\nconcretar la liberaci\u00f3n de las personas les han pedido m\u00e1s de 11 millones de\npesos, as\u00ed como la pavimentaci\u00f3n de nueve kil\u00f3metros de su carretera, lo cual\ndeja claro que no se trata de un conflicto agrario y por el contrario buscan\nutilizar la situaci\u00f3n, que ellos mismos generaron, para cumplir sus caprichos. <\/p>\n\n\n\n<p>\u201cNosotros que culpa tenemos, no somos producto de cambio. Es un acto vil y cobarde para hacer pelear a nuestros pueblos mixtecos, para hacer pelearnos con fines pol\u00edticos y econ\u00f3mico\u201d, sentenciaron.\u00a0\u00a0\u00a0 <\/p>\n\n\n\n<figure class=\"wp-block-embed-twitter wp-block-embed is-type-rich is-provider-twitter\"><div class=\"wp-block-embed__wrapper\">\n<div class=\"twitter-tweet\"><blockquote class=\"twitter-tweet\" data-lang=\"es\"><p lang=\"es\" dir=\"ltr\"><a href=\"https:\/\/twitter.com\/hashtag\/ENVIVO?src=hash&amp;ref_src=twsrc%5Etfw\">#ENVIVO<\/a><br>Oaxaca de Ju\u00e1rez, Oax., 10 de agosto de 2020.- Conferencia de prensa de San Mart\u00edn Peras.<br>\ud83d\udc47<a href=\"https:\/\/t.co\/gkT4jd9lS7\">https:\/\/t.co\/gkT4jd9lS7<\/a> <a href=\"https:\/\/t.co\/ZQTxdW8zic\">pic.twitter.com\/ZQTxdW8zic<\/a><\/p>&mdash; Zona Roja Oaxaca (@MexRoja) <a href=\"https:\/\/twitter.com\/MexRoja\/status\/1292828517420367873?ref_src=twsrc%5Etfw\">10 de agosto de 2020<\/a><\/blockquote><\/div>\n<\/div><\/figure>\n\n\n\n<p>INTERVIENE LA DDHPO<\/p>\n\n\n\n<p>Por su parte, en un comunicado la\nDefensor\u00eda de los Derechos Humanos del Pueblo de Oaxaca refrend\u00f3 las medidas\ncautelares dictadas a favor de pobladores de San Mart\u00edn Peras y exigi\u00f3 su liberaci\u00f3n\ninmediata, \u201cya que su retenci\u00f3n en nada contribuye a establecer una soluci\u00f3n al\nconflicto\u201d.<\/p>\n\n\n\n<p>Se pronunci\u00f3 por la soluci\u00f3n pac\u00edfica e\nintegral de la problem\u00e1tica que mantienen&nbsp;\nel municipio de San Mart\u00edn Peras con&nbsp;\nla agencia de Santos Reyes Zochiquilazala, Juxtlahuaca, adem\u00e1s de\nponderar el di\u00e1logo como estrategia para alcanzar acuerdos que les permitan\nconvivir.<\/p>\n\n\n\n<p>La DDHPO resalt\u00f3 que luego de tener\nconocimiento de la detenci\u00f3n de una docena de personas, dict\u00f3 medidas\ncautelares e inici\u00f3 el expediente DDHPO\/1171\/(12)\/ OAX\/2020.<\/p>\n\n\n\n<p>Ante ello, pidi\u00f3 a la Fiscal\u00eda General\nde Justicia del Estado la adopci\u00f3n de una medida cautelar que permitiera\npreservar la integridad f\u00edsica de los agraviados, as\u00ed como lograr la liberaci\u00f3n\nde las personas retenidas, la cual refrend\u00f3.<\/p>\n\n\n\n<p>Mientras que a la Secretar\u00eda General de\nGobierno (Segego), requiri\u00f3 que se instalaran mesas de di\u00e1logo con ambas\nautoridades municipales y con ello realizar las acciones necesarias para\nsolucionar la problem\u00e1tica.<\/p>\n\n\n\n<p>Asimismo, la DDHPO envi\u00f3 un equipo de\nobservaci\u00f3n a la zona, el cual contin\u00faa en el lugar, con el objetivo de\nverificar las condiciones de las personas retenidas y las posibles violaciones\na derechos humanos cometidas.<\/p>\n","protected":false},"excerpt":{"rendered":"<p>Evlin Arag\u00f3n\/Zona Roja. Oaxaca de Ju\u00e1rez, Oax., 10 de agosto de 2020.- A 12 d\u00edas&hellip;<\/p>\n","protected":false},"author":2,"featured_media":16101,"comment_status":"closed","ping_status":"open","sticky":false,"template":"","format":"standard","meta":{"_lmt_disableupdate":"","_lmt_disable":"","_jetpack_memberships_contains_paid_content":false,"footnotes":""},"categories":[109,47],"tags":[1872,1901],"class_list":["post-16100","post","type-post","status-publish","format-standard","has-post-thumbnail","hentry","category-minuto-a-minuto","category-zona-gris","tag-san-martin-peras","tag-santos-reyes-zochiquilazala"],"jetpack_featured_media_url":"https:\/\/zonaroja.com.mx\/wp-content\/uploads\/2020\/08\/Conferencia-San-Mart\u00edn-Peras.png","jetpack_sharing_enabled":true,"_links":{"self":[{"href":"https:\/\/zonaroja.com.mx\/index.php?rest_route=\/wp\/v2\/posts\/16100","targetHints":{"allow":["GET"]}}],"collection":[{"href":"https:\/\/zonaroja.com.mx\/index.php?rest_route=\/wp\/v2\/posts"}],"about":[{"href":"https:\/\/zonaroja.com.mx\/index.php?rest_route=\/wp\/v2\/types\/post"}],"author":[{"embeddable":true,"href":"https:\/\/zonaroja.com.mx\/index.php?rest_route=\/wp\/v2\/users\/2"}],"replies":[{"embeddable":true,"href":"https:\/\/zonaroja.com.mx\/index.php?rest_route=%2Fwp%2Fv2%2Fcomments&post=16100"}],"version-history":[{"count":1,"href":"https:\/\/zonaroja.com.mx\/index.php?rest_route=\/wp\/v2\/posts\/16100\/revisions"}],"predecessor-version":[{"id":16102,"href":"https:\/\/zonaroja.com.mx\/index.php?rest_route=\/wp\/v2\/posts\/16100\/revisions\/16102"}],"wp:featuredmedia":[{"embeddable":true,"href":"https:\/\/zonaroja.com.mx\/index.php?rest_route=\/wp\/v2\/media\/16101"}],"wp:attachment":[{"href":"https:\/\/zonaroja.com.mx\/index.php?rest_route=%2Fwp%2Fv2%2Fmedia&parent=16100"}],"wp:term":[{"taxonomy":"category","embeddable":true,"href":"https:\/\/zonaroja.com.mx\/index.php?rest_route=%2Fwp%2Fv2%2Fcategories&post=16100"},{"taxonomy":"post_tag","embeddable":true,"href":"https:\/\/zonaroja.com.mx\/index.php?rest_route=%2Fwp%2Fv2%2Ftags&post=16100"}],"curies":[{"name":"wp","href":"https:\/\/api.w.org\/{rel}","templated":true}]}}