{"id":16106,"date":"2020-08-10T16:34:06","date_gmt":"2020-08-10T21:34:06","guid":{"rendered":"http:\/\/www.zonaroja.com.mx\/?p=16106"},"modified":"2020-08-10T16:34:11","modified_gmt":"2020-08-10T21:34:11","slug":"por-desatencion-oficial-se-desatan-protestas-en-la-capital-y-valles-de-oaxaca","status":"publish","type":"post","link":"https:\/\/zonaroja.com.mx\/?p=16106","title":{"rendered":"Por desatenci\u00f3n oficial, se desatan protestas en la capital y Valles de Oaxaca"},"content":{"rendered":"\n<p>Evlin Arag\u00f3n\/Zona Roja.<\/p>\n\n\n\n<p>Oaxaca de Ju\u00e1rez, Oax., 10 de agosto de\n2020.- Al menos cinco protestas se registran este lunes, en la capital de\nOaxaca como en las regiones Valles Centrales e Istmo de Tehuantepec, a falta de\natenci\u00f3n gubernamental.<\/p>\n\n\n\n<p>Desde las cuatro de la ma\u00f1ana de hoy, habitantes\nde las agencias de Guerrero Grande y Mier y Ter\u00e1n, pertenecientes al municipio\nde San Esteban Atatlahuca arribaron a las instalaciones de Ciudad Administrativa\nen donde instalaron una protesta para evidenciar la falta de reconocimiento de\nsus autoridades municipales. <\/p>\n\n\n\n<p>As\u00ed lo dio a conocer Juan Gabriel\nHern\u00e1ndez Garc\u00eda, agente municipal de Guerrero Grande, quien detallo que su\nprotesta se debe a la cerraz\u00f3n de la autoridad y el enga\u00f1o de la Secretar\u00eda\nGeneral de Gobierno, ya que han asistido&nbsp;\npor lo menos seis veces a las oficinas ubicadas en el complejo\nadministrativo en donde \u00fanicamente les han prometido la acreditaci\u00f3n y la\nasignaci\u00f3n de recursos, mismo que no han llegado.&nbsp; <\/p>\n\n\n\n<p>\u201cNuestra gente ya no quiso esperar, ya\nestamos en agosto y no hemos sido acreditados, nos hacen falta los recursos de\nlos ramos 28 y 33, esa es la raz\u00f3n por la que estamos aqu\u00ed, venimos a exigir la\nacreditaci\u00f3n de nuestras autoridades\u201d, refiri\u00f3 en un breve encuentro con los\nmedios de comunicaci\u00f3n. <\/p>\n\n\n\n<p>De igual forma Hern\u00e1ndez Garc\u00eda asegur\u00f3\nque dentro de sus demandas se encuentra la separaci\u00f3n definitiva del municipio\nde San Esteban Atatlahuca, perteneciente a la Mixteca Alta, debido a la falta\nde atenci\u00f3n que ha tenido con sus agencias a las que ha dejado en el\nolvido,&nbsp; <\/p>\n\n\n\n<p>Finalmente manifestaron su hartazgo ante la actitud de las autoridades de la Segego, de forma particular de Rodolfo Quintero a quien acusan de \u00fanicamente prometer dar soluci\u00f3n a la problem\u00e1tica, raz\u00f3n por la que pidieron di\u00e1logo con el titular de la dependencia, H\u00e9ctor Anuard Mafud Mafud.\u00a0 <\/p>\n\n\n\n<figure class=\"wp-block-embed-twitter wp-block-embed is-type-rich is-provider-twitter\"><div class=\"wp-block-embed__wrapper\">\n<div class=\"twitter-tweet\"><blockquote class=\"twitter-tweet\" data-lang=\"es\"><p lang=\"es\" dir=\"ltr\"><a href=\"https:\/\/twitter.com\/hashtag\/%C3%9AltimoMinuto?src=hash&amp;ref_src=twsrc%5Etfw\">#\u00daltimoMinuto<\/a> <br>De madrugada iniciaron las movilizaciones en <a href=\"https:\/\/twitter.com\/hashtag\/Oaxaca?src=hash&amp;ref_src=twsrc%5Etfw\">#Oaxaca<\/a> este lunes; habitantes de Mier y Ter\u00e1n, comunidad de la regi\u00f3n Mixteca, bloquean accesos al edificio de oficinas de gobierno en Ciudad Administrativa, para exigir reconocimiento a su elecci\u00f3n como autoridades. <a href=\"https:\/\/t.co\/OFcBSR0Zth\">pic.twitter.com\/OFcBSR0Zth<\/a><\/p>&mdash; Zona Roja Oaxaca (@MexRoja) <a href=\"https:\/\/twitter.com\/MexRoja\/status\/1292791567628066816?ref_src=twsrc%5Etfw\">10 de agosto de 2020<\/a><\/blockquote><\/div>\n<\/div><\/figure>\n\n\n\n<p>TAMBI\u00c9N EN CASA OFICIAL<\/p>\n\n\n\n<p>Alrededor de las nueve de la ma\u00f1ana, habitantes\nde diversos municipios del Istmo de Tehuantepec hicieron presencia en Casa\nOficial donde instalaron un \u201cplant\u00f3n\u201d indefinido y el cierre de la avenida\nJu\u00e1rez, en exigencia de atenci\u00f3n directa por parte del gobernador de Oaxaca,\nAlejandro Murat Hinojosa.&nbsp; <\/p>\n\n\n\n<p>Adheridos en el Movimiento de Izquierda\nRevolucionaria (MIR), en la agrupaci\u00f3n de mototaxis y oficios, los\nmanifestantes aseguraron que no se retiraran del lugar hasta que el mandatario\nestatal los reciba en persona para darle cuenta de quienes son los funcionarios\nque les han marginado y discriminado. <\/p>\n\n\n\n<p>Desde inicios de a\u00f1o, la dirigencia de\nla organizaci\u00f3n encabezadas por Pavel Montero L\u00f3pez, denunci\u00f3 las\nirregularidades al interior de la Comisi\u00f3n Estatal de Vivienda, cuyo titular\nLuis Alfonso Mart\u00ednez Ruiz, se ha negado a dar respuesta a las demandas\nplanteadas, pese a que han sido instrucci\u00f3n del mandatario estatal.&nbsp;&nbsp; <\/p>\n\n\n\n<p>En febrero pasado, denunciaron al funcionario de negarse a liberar los recursos de los programas de apoyo social, ya que pretende capitalizarlos para promover u campa\u00f1a proselitista a la presidencia municipal en Asunci\u00f3n Ixtaltepec, acci\u00f3n que contin\u00faa y que ocasion\u00f3 la movilizaci\u00f3n de este lunes.\u00a0\u00a0 <\/p>\n\n\n\n<figure class=\"wp-block-embed-twitter wp-block-embed is-type-rich is-provider-twitter\"><div class=\"wp-block-embed__wrapper\">\n<div class=\"twitter-tweet\"><blockquote class=\"twitter-tweet\" data-lang=\"es\"><p lang=\"es\" dir=\"ltr\"><a href=\"https:\/\/twitter.com\/hashtag\/%C3%9AltimoMinuto?src=hash&amp;ref_src=twsrc%5Etfw\">#\u00daltimoMinuto<\/a> <br>Ante la falta de atenci\u00f3n del edil del <a href=\"https:\/\/twitter.com\/MunicipioOaxaca?ref_src=twsrc%5Etfw\">@MunicipioOaxaca<\/a>, <a href=\"https:\/\/twitter.com\/oswaldogarciaj?ref_src=twsrc%5Etfw\">@oswaldogarciaj<\/a>, integrantes de la organizaci\u00f3n FIPOO extienden su bloqueo en el Centro Hist\u00f3rico de la capital oaxaque\u00f1a; ahora a Independencia esquina Tinoco y Palacios. <a href=\"https:\/\/t.co\/UlJ3lyHUC5\">pic.twitter.com\/UlJ3lyHUC5<\/a><\/p>&mdash; Zona Roja Oaxaca (@MexRoja) <a href=\"https:\/\/twitter.com\/MexRoja\/status\/1292914058119847944?ref_src=twsrc%5Etfw\">10 de agosto de 2020<\/a><\/blockquote><\/div>\n<\/div><\/figure>\n\n\n\n<p>M\u00c1S PROTESTAS<\/p>\n\n\n\n<p>Paralelamente, integrantes del Frente\nInd\u00edgena de Pueblos Olvidados de Oaxaca (FIPOO) cerraron la avenida\nIndependencia, a la altura de la calle de Crespo, para exigir al edil Oswaldo\nGarc\u00eda Jarqu\u00edn, atenci\u00f3n social por la pandemia del Covid-19.<\/p>\n\n\n\n<p>De acuerdo con su dirigente, Arturo\nGarc\u00eda, el ayuntamiento se ha negado a apoyar a colonos de diversos\nasentamientos, principalmente de la agencia de San Mart\u00edn Mexic\u00e1pam.<\/p>\n\n\n\n<p>Ante la falta de atenci\u00f3n, despu\u00e9s de\nlas 14:00 horas cerraron el cruce de avenida Independencia con Tinoco y\nPalacios.<\/p>\n\n\n\n<p>Mientras tanto en Ciudad Judicial,\nmilitantes del Frente Popular Revolucionario protestan en la llamada Ciudad\nJudicial, en Reyes Mantec\u00f3n, San Bartolo Coyotepec, en contra de la Secretar\u00eda\nde las Infraestructuras, para exigir obras p\u00fablicas.<\/p>\n\n\n\n<p>En la regi\u00f3n del Istmo, un grupo de\nmototaxistas comenz\u00f3 esta tarde un bloqueo a la carretera estatal que comunica\na Ostuta con San Francisco Ixhuat\u00e1n, sin precisar sus demandas.<\/p>\n","protected":false},"excerpt":{"rendered":"<p>Evlin Arag\u00f3n\/Zona Roja. Oaxaca de Ju\u00e1rez, Oax., 10 de agosto de 2020.- Al menos cinco&hellip;<\/p>\n","protected":false},"author":2,"featured_media":16107,"comment_status":"closed","ping_status":"open","sticky":false,"template":"","format":"standard","meta":{"_lmt_disableupdate":"","_lmt_disable":"","_jetpack_memberships_contains_paid_content":false,"footnotes":""},"categories":[109,47],"tags":[],"class_list":["post-16106","post","type-post","status-publish","format-standard","has-post-thumbnail","hentry","category-minuto-a-minuto","category-zona-gris"],"jetpack_featured_media_url":"https:\/\/zonaroja.com.mx\/wp-content\/uploads\/2020\/08\/Bloqueo-FIPOO.png","jetpack_sharing_enabled":true,"_links":{"self":[{"href":"https:\/\/zonaroja.com.mx\/index.php?rest_route=\/wp\/v2\/posts\/16106","targetHints":{"allow":["GET"]}}],"collection":[{"href":"https:\/\/zonaroja.com.mx\/index.php?rest_route=\/wp\/v2\/posts"}],"about":[{"href":"https:\/\/zonaroja.com.mx\/index.php?rest_route=\/wp\/v2\/types\/post"}],"author":[{"embeddable":true,"href":"https:\/\/zonaroja.com.mx\/index.php?rest_route=\/wp\/v2\/users\/2"}],"replies":[{"embeddable":true,"href":"https:\/\/zonaroja.com.mx\/index.php?rest_route=%2Fwp%2Fv2%2Fcomments&post=16106"}],"version-history":[{"count":1,"href":"https:\/\/zonaroja.com.mx\/index.php?rest_route=\/wp\/v2\/posts\/16106\/revisions"}],"predecessor-version":[{"id":16108,"href":"https:\/\/zonaroja.com.mx\/index.php?rest_route=\/wp\/v2\/posts\/16106\/revisions\/16108"}],"wp:featuredmedia":[{"embeddable":true,"href":"https:\/\/zonaroja.com.mx\/index.php?rest_route=\/wp\/v2\/media\/16107"}],"wp:attachment":[{"href":"https:\/\/zonaroja.com.mx\/index.php?rest_route=%2Fwp%2Fv2%2Fmedia&parent=16106"}],"wp:term":[{"taxonomy":"category","embeddable":true,"href":"https:\/\/zonaroja.com.mx\/index.php?rest_route=%2Fwp%2Fv2%2Fcategories&post=16106"},{"taxonomy":"post_tag","embeddable":true,"href":"https:\/\/zonaroja.com.mx\/index.php?rest_route=%2Fwp%2Fv2%2Ftags&post=16106"}],"curies":[{"name":"wp","href":"https:\/\/api.w.org\/{rel}","templated":true}]}}