{"id":16109,"date":"2020-08-10T19:06:40","date_gmt":"2020-08-11T00:06:40","guid":{"rendered":"http:\/\/www.zonaroja.com.mx\/?p=16109"},"modified":"2020-08-10T19:06:44","modified_gmt":"2020-08-11T00:06:44","slug":"ademas-de-evencio-n-uro-y-otros-ex-funcionarios-deben-ir-a-la-carcel-fpr","status":"publish","type":"post","link":"https:\/\/zonaroja.com.mx\/?p=16109","title":{"rendered":"Adem\u00e1s de Evencio N., URO y otros ex funcionarios deben ir a la c\u00e1rcel: FPR"},"content":{"rendered":"\n<p>Evlin Arag\u00f3n\/Zona Roja<\/p>\n\n\n\n<p>Oaxaca de Ju\u00e1rez, Oax., 10 de agosto de\n2020.- Luego de la orden de aprehensi\u00f3n en contra del ex procurador de Justicia\nde Oaxaca, Evencio Nicol\u00e1s Mart\u00ednez Ram\u00edrez, el ex director de la polic\u00eda\njudicial Daniel Camarena Flores, y otros seis elementos de la Agencia Estatal\nde Investigaciones, integrantes del Frente Popular Revolucionario (PFR)\npidieron al gobierno federal encabezado por Andr\u00e9s Manuel L\u00f3pez Obrador c\u00e1rcel\ny cero impunidades para los ex funcionarios, as\u00ed como los dem\u00e1s represores de\nla Asamblea Popular de los Pueblos de Oaxaca. <\/p>\n\n\n\n<p>Lo expresaron a trav\u00e9s de un comunicado\nen el que aprovechado la coyuntura, pidieron c\u00e1rcel para el ex gobernador de\nOaxaca, Ulises Ruiz Ortiz; Jorge Franco Vargas, Jos\u00e9 Manuel Vera Salinas, Lizbeth\nCa\u00f1a Cadeza, Heliodoro D\u00edaz Azcarraga, Manuel Moreno Rivas, Bulmaro Rito\nSalinas y todos sus \u201csecuaces\u201d. <\/p>\n\n\n\n<p>A sabiendas de las complicaciones que\nse viven por la crisis econ\u00f3mica y sanitaria en el pa\u00eds y particularmente en\nOaxaca, pidieron al gobierno federal y la Fiscal\u00eda General de la Rep\u00fablica, a\ncargo de Alejandro Gertz Manero, no ser c\u00f3mplices de las injusticias que desde\nhace a\u00f1os han sido denunciadas por las organizaciones sociales sin que se haga\nnada al respecto y por el contrario se premie a quienes han sido se\u00f1alados de\ncr\u00edmenes contra el pueblo, como el caso de Jos\u00e9 Manuel Vera Salinas.&nbsp; <\/p>\n\n\n\n<p>\u201cLa justicia no puede ser moneda de\ncambio y componendas entre los grupos de poder, por lo cual nos mantendremos\nalertas ante la posibilidad de una nueva simulaci\u00f3n de justicia\u201d, manifestaron\nen el comunicado de prensa. <\/p>\n\n\n\n<p>As\u00ed mismo, evidenciaron que la\natracci\u00f3n de los casos por cr\u00edmenes pol\u00edticos a nivel federal es un claro\nindicativo de la falta de justicia en Oaxaca; ni el gobernador Alejandro Murat\nni el fiscal Rub\u00e9n Vasconcelos pueden ejercer justicia, ya que existe colusi\u00f3n\ncon los corruptos y represores de los gobiernos anteriores. <\/p>\n\n\n\n<p>Raz\u00f3n por la que hicieron un llamado al\nmovimiento social oaxaque\u00f1o para estar pendientes en la exigencia de justicia\nsobre cr\u00edmenes de lesa humanidad como lo son la desaparici\u00f3n forzada de los\ndirigentes del Ej\u00e9rcito Popular Revolucionario y la represi\u00f3n que vivi\u00f3 el\npueblo durante el 2006.&nbsp; <\/p>\n\n\n\n<p>Recordaron que Evencio Nicol\u00e1s jug\u00f3 un\npapel sistem\u00e1tico para hostigar, reprimir y desaparecer a miembros del\nmovimiento social, en particular de la Asamblea Popular de los pueblos de\nOaxaca; obstaculiz\u00f3 las investigaciones para esclarecer la desaparici\u00f3n de\nnuestro compa\u00f1ero Lauro Ju\u00e1rez; y actu\u00f3 como agente de Ulises Ruiz Ortiz desde\nla Procuradur\u00eda y la Secretar\u00eda General de Gobierno. <\/p>\n\n\n\n<p>\u201cSu detenci\u00f3n por la desaparici\u00f3n\nforzada de dos eperristas son solo un esca\u00f1o en la ola de arbitrariedades\ncometidas por este personaje, a quien la justicia tiene que alcanzar y\najustarle cuentas por su participaci\u00f3n activa al servicio de PRI y su pol\u00edtica\ncriminal\u201d, sentenciaron.<\/p>\n\n\n\n<p>Finalmente, explicaron que la detenci\u00f3n\ndel ex funcionario y otros personajes en activo de la Fiscal\u00eda de Oaxaca ha\nsido producto de la labor activa del Comit\u00e9 de Familiares de Detenidos y Desaparecidos\nHasta Encontrarlos y de la solidaridad del amplio movimiento popular del pa\u00eds.<\/p>\n","protected":false},"excerpt":{"rendered":"<p>Evlin Arag\u00f3n\/Zona Roja Oaxaca de Ju\u00e1rez, Oax., 10 de agosto de 2020.- Luego de la&hellip;<\/p>\n","protected":false},"author":2,"featured_media":16110,"comment_status":"closed","ping_status":"open","sticky":false,"template":"","format":"standard","meta":{"_lmt_disableupdate":"","_lmt_disable":"","_jetpack_memberships_contains_paid_content":false,"footnotes":""},"categories":[109,47],"tags":[749],"class_list":["post-16109","post","type-post","status-publish","format-standard","has-post-thumbnail","hentry","category-minuto-a-minuto","category-zona-gris","tag-ulises-ruiz-ortiz"],"jetpack_featured_media_url":"https:\/\/zonaroja.com.mx\/wp-content\/uploads\/2020\/08\/URO-y-Jorge-Franco.jpg","jetpack_sharing_enabled":true,"_links":{"self":[{"href":"https:\/\/zonaroja.com.mx\/index.php?rest_route=\/wp\/v2\/posts\/16109","targetHints":{"allow":["GET"]}}],"collection":[{"href":"https:\/\/zonaroja.com.mx\/index.php?rest_route=\/wp\/v2\/posts"}],"about":[{"href":"https:\/\/zonaroja.com.mx\/index.php?rest_route=\/wp\/v2\/types\/post"}],"author":[{"embeddable":true,"href":"https:\/\/zonaroja.com.mx\/index.php?rest_route=\/wp\/v2\/users\/2"}],"replies":[{"embeddable":true,"href":"https:\/\/zonaroja.com.mx\/index.php?rest_route=%2Fwp%2Fv2%2Fcomments&post=16109"}],"version-history":[{"count":1,"href":"https:\/\/zonaroja.com.mx\/index.php?rest_route=\/wp\/v2\/posts\/16109\/revisions"}],"predecessor-version":[{"id":16111,"href":"https:\/\/zonaroja.com.mx\/index.php?rest_route=\/wp\/v2\/posts\/16109\/revisions\/16111"}],"wp:featuredmedia":[{"embeddable":true,"href":"https:\/\/zonaroja.com.mx\/index.php?rest_route=\/wp\/v2\/media\/16110"}],"wp:attachment":[{"href":"https:\/\/zonaroja.com.mx\/index.php?rest_route=%2Fwp%2Fv2%2Fmedia&parent=16109"}],"wp:term":[{"taxonomy":"category","embeddable":true,"href":"https:\/\/zonaroja.com.mx\/index.php?rest_route=%2Fwp%2Fv2%2Fcategories&post=16109"},{"taxonomy":"post_tag","embeddable":true,"href":"https:\/\/zonaroja.com.mx\/index.php?rest_route=%2Fwp%2Fv2%2Ftags&post=16109"}],"curies":[{"name":"wp","href":"https:\/\/api.w.org\/{rel}","templated":true}]}}